{"id":7218,"date":"2024-12-17T23:29:38","date_gmt":"2024-12-17T22:29:38","guid":{"rendered":"https:\/\/mania-wax.fr\/blog\/a-la-une\/decouvrez-les-dernieres-tendances-de-la-mode-en-france\/"},"modified":"2024-12-17T23:29:38","modified_gmt":"2024-12-17T22:29:38","slug":"decouvrez-les-dernieres-tendances-de-la-mode-en-france","status":"publish","type":"post","link":"https:\/\/mania-wax.fr\/blog\/tendances-mode\/decouvrez-les-dernieres-tendances-de-la-mode-en-france\/","title":{"rendered":"D\u00e9couvrez les derni\u00e8res tendances de la mode en France"},"content":{"rendered":"\n\n<p class=\"wp-block-paragraph\">Dans un monde o\u00f9 le style et l&rsquo;\u00e9l\u00e9gance \u00e9voluent \u00e0 un rythme effr\u00e9n\u00e9, <strong>rester \u00e0 jour sur les derni\u00e8res tendances de la mode<\/strong> est plus qu&rsquo;un simple luxe, c&rsquo;est une n\u00e9cessit\u00e9. La France, reconnue comme l&rsquo;un des berceaux de la mode mondiale, est le th\u00e9\u00e2tre d&rsquo;innovations stylistiques qui influencent les grandes maisons et les passionn\u00e9s de mode \u00e0 travers le globe. Que ce soit sur les podiums des fashion weeks ou dans les rues anim\u00e9es de Paris, les styles se r\u00e9inventent continuellement, offrant un voyage fascinant au c\u0153ur de la cr\u00e9ativit\u00e9. \u00catre inform\u00e9 des <strong>tendances actuelles<\/strong> permet non seulement d\u2019affiner son propre style personnel, mais aussi de s&rsquo;engager dans une conversation plus large sur l\u2019<strong>impact culturel<\/strong> et l&rsquo;<strong>esth\u00e9tique<\/strong> contemporaine. Plongeons ensemble dans cet univers captivant et d\u00e9couvrons ce que la mode fran\u00e7aise a \u00e0 offrir cette saison!<\/p>\n\n\n\n<p class=\"wp-block-paragraph\">La mode en France est en constante \u00e9volution, avec des <strong>tendances<\/strong> qui se renouvellent chaque saison, tout en conservant une touche d&rsquo;\u00e9l\u00e9gance et de sophistication. Pour le printemps-\u00e9t\u00e9 2024, plusieurs <strong>styles<\/strong> se d\u00e9marquent, apportant une fra\u00eecheur vivifiante aux garde-robes.<\/p>\n\n\n<p class=\"wp-block-paragraph\">Parmi les incontournables, on retrouve la <strong>jupe boule<\/strong>, un v\u00eatement ludique qui \u00e9voque des silhouettes r\u00e9tro, tandis que le <strong>naked top<\/strong>, un haut transparent, se positionne comme une pi\u00e8ce audacieuse \u00e0 porter seule ou superpos\u00e9e. Les <strong>couleurs<\/strong> adopt\u00e9es sont souvent <strong>vitamin\u00e9es<\/strong>, avec des teintes vives qui illuminent les journ\u00e9es ensoleill\u00e9es, contrastant avec des imprim\u00e9s classiques comme le <strong>pois<\/strong> ou des <strong>fleurs 3D<\/strong> qui apportent une dimension tactile \u00e0 la mode.<\/p>\n\n\n<p class=\"wp-block-paragraph\">Les <strong>sneakers<\/strong> continuent de faire fureur, avec des mod\u00e8les iconiques tels que les <strong>Gazelle<\/strong> et <strong>Samba<\/strong> d&rsquo;Adidas, qui s&rsquo;int\u00e8grent harmonieusement dans des ensembles \u00e0 la fois d\u00e9contract\u00e9s et chics. Sur le plan des accessoires, la tendance se tourne vers le <strong>mixage des motifs animaliers<\/strong>, que l&rsquo;on retrouve sur des <strong>manteaux<\/strong> ou des <strong>robes<\/strong>, ajoutant audace et caract\u00e8re aux looks.<\/p>\n\n\n<p class=\"wp-block-paragraph\">Dans la culture fran\u00e7aise, ces tendances se manifestent non seulement lors des <strong>d\u00e9fil\u00e9s<\/strong> mais \u00e9galement dans la vie quotidienne, o\u00f9 la population s\u2019inspire des c\u00e9l\u00e9brit\u00e9s et des influenceurs pour alimenter leur propre sens du style. Les pi\u00e8ces modernes comme le <strong>cardigan<\/strong>, r\u00e9interpr\u00e9t\u00e9 avec des d\u00e9tails contemporains, t\u00e9moignent de cette fusion entre le traditionnel et le moderne, rendant hommage \u00e0 l&rsquo;h\u00e9ritage de la mode fran\u00e7aise tout en l&rsquo;actualisant.<\/p>\n\n\n<p class=\"wp-block-paragraph\">Ainsi, le printemps-\u00e9t\u00e9 2024 propose une palette riche et vari\u00e9e qui invite chacune \u00e0 exprimer sa personnalit\u00e9 \u00e0 travers une <strong>mode accessible<\/strong> et <strong>styl\u00e9e<\/strong>, \u00e0 la fois audacieuse et raffin\u00e9e.<\/p>\n\n\n<figure class='wp-block-image size-full'>\n<img width=\"1344\" height=\"768\" src=\"https:\/\/mania-wax.fr\/blog\/wp-content\/uploads\/2024\/12\/Decouvrez-les-dernieres-tendances-de-la-mode-en-France.png\" class=\"attachment-full size-full\" alt=\"explorez les toutes derni\u00e8res tendances de la mode en france et d\u00e9couvrez les styles incontournables de la saison. restez \u00e0 la pointe de la mode avec nos conseils et inspirations.\" decoding=\"async\" loading=\"lazy\" \/>\n<\/figure>\n\n\n\n<p class=\"wp-block-paragraph\">La <strong>mode<\/strong> en France est un reflet vivant de la culture, des aspirations et des pr\u00e9occupations soci\u00e9tales. \u00c0 l\u2019avant-garde de ce ph\u00e9nom\u00e8ne se trouvent des <strong>c\u00e9l\u00e9brit\u00e9s<\/strong>, des <strong>designers<\/strong> innovants et des <strong>\u00e9v\u00e9nements majeurs<\/strong> qui dessinent les contours de notre style vestimentaire.<\/p>\n\n\n<h2 class=\"wp-block-heading\">L&rsquo;impact des c\u00e9l\u00e9brit\u00e9s<\/h2>\n\n\n<p class=\"wp-block-paragraph\">Les <strong>c\u00e9l\u00e9brit\u00e9s<\/strong> jouent un r\u00f4le strat\u00e9gique dans l\u2019\u00e9volution des tendances. Des ic\u00f4nes telles que <strong>Kate Moss<\/strong> ou <strong>Taylor Swift<\/strong> influencent consid\u00e9rablement le choix vestimentaire de leurs admirateurs. Avec leur style unique, elles sont souvent vues comme des pionni\u00e8res des nouvelles modes. Les r\u00e9seaux sociaux amplifient cette influence, permettant aux <strong>fashionistas<\/strong> de suivre en temps r\u00e9el les choix de tenues des stars, cr\u00e9ant ainsi un d\u00e9sir d&rsquo;appropriation et d&rsquo;imitation.<\/p>\n\n\n<h2 class=\"wp-block-heading\">Le r\u00f4le des designers<\/h2>\n\n\n<p class=\"wp-block-paragraph\">Les <strong>designers<\/strong> sont \u00e9galement des architectes des tendances. Par leurs cr\u00e9ations audacieuses pr\u00e9sent\u00e9es lors des <strong>d\u00e9fil\u00e9s de mode<\/strong>, ils introduisent des pi\u00e8ces qui peuvent devenir las bases des styles de saisons \u00e0 venir. Des noms embl\u00e9matiques comme <strong>Chanel<\/strong> ou <strong>Dior<\/strong> contribuent \u00e0 d\u00e9finir l&rsquo;esth\u00e9tique fran\u00e7aise tout en int\u00e9grant des \u00e9l\u00e9ments modernes et contemporains. La collaboration entre designers et c\u00e9l\u00e9brit\u00e9s accentue davantage cet impact, les nouvelles collections \u00e9tant souvent li\u00e9es \u00e0 des apparitions publiques remarqu\u00e9es.<\/p>\n\n\n<h2 class=\"wp-block-heading\">Les \u00e9v\u00e9nements majeurs<\/h2>\n\n\n<p class=\"wp-block-paragraph\">Les <strong>\u00e9v\u00e9nements de mode<\/strong> tels que la <strong>Semaine de la mode de Paris<\/strong> sont des catalyseurs de changement. Ces rassemblements cr\u00e9ent une plateforme pour pr\u00e9senter les derni\u00e8res innovations et permettent aux cr\u00e9ateurs de se connecter avec des influenceurs et la presse sp\u00e9cialis\u00e9e. La couverture m\u00e9diatique autour de ces \u00e9v\u00e9nements influence non seulement les professionnels du secteur, mais \u00e9galement le grand public, suscitant un engouement pour les nouvelles tendances.<\/p>\n\n\n<h2 class=\"wp-block-heading\">Les tendances et les mouvements sociaux<\/h2>\n\n\n<p class=\"wp-block-paragraph\">Les <strong>mouvements sociaux<\/strong>, tels que la lutte pour la <strong>durabilit\u00e9<\/strong> et l&rsquo;inclusivit\u00e9, fa\u00e7onnent \u00e9galement les choix vestimentaires. De plus en plus de consommateurs recherchent des marques qui adoptent des pratiques \u00e9thiques, influen\u00e7ant les cr\u00e9ateurs \u00e0 innover avec des mat\u00e9riaux durables et \u00e0 promouvoir des diversit\u00e9s corporelles dans leurs collections. Ce changement traduit une prise de conscience sociale qui impacte significativement le march\u00e9 de la mode en France.<\/p>\n\n\n<figure class=\"wp-block-embed is-type-video is-provider-youtube wp-block-embed-youtube wp-embed-aspect-16-9 wp-has-aspect-ratio\">\n<div class=\"wp-block-embed__wrapper\">\n<iframe loading=\"lazy\" title=\"Les sorties de v\u00eatements de la semaine ! Amoses, No Clout, DivinbyDivin\" width=\"1200\" height=\"675\" src=\"https:\/\/www.youtube.com\/embed\/uWM8zPtsP3Q?feature=oembed\" frameborder=\"0\" allow=\"accelerometer; autoplay; clipboard-write; encrypted-media; gyroscope; picture-in-picture; web-share\" referrerpolicy=\"strict-origin-when-cross-origin\" allowfullscreen><\/iframe>\n<\/div>\n<\/figure>\n\n\n\n<p class=\"wp-block-paragraph\">Les tendances de la <strong>mode fran\u00e7aise<\/strong> \u00e9voluent constamment, mais certaines restent intemporelles et s&rsquo;int\u00e8grent facilement dans toute garde-robe. Voici quelques conseils pratiques pour vous aider \u00e0 incorporer ces tendances dans votre style quotidien.<\/p>\n\n\n<p class=\"wp-block-paragraph\">Tout d&rsquo;abord, misez sur les <strong>v\u00eatements basiques<\/strong> mais modernes. Une <strong>chemise blanche<\/strong> bien coup\u00e9e est un essentiel qui peut \u00eatre port\u00e9 seul ou sous un pull oversize. Associez-la avec un <strong>jean mom<\/strong> pour un look d\u00e9contract\u00e9, ou un <strong>pantalon palazzo<\/strong> pour une allure plus \u00e9l\u00e9gante.<\/p>\n\n\n<p class=\"wp-block-paragraph\">Les imprim\u00e9s sont \u00e9galement incontournables ce saison. Osez des motifs <strong>floraux<\/strong> ou des <strong>rayures<\/strong> pour apporter une touche de fra\u00eecheur. Un <strong>robe midi<\/strong> \u00e0 motifs g\u00e9om\u00e9triques peut \u00eatre une pi\u00e8ce ma\u00eetresse de votre garde-robe, \u00e0 porter avec des sandales \u00e0 talons pour un look chic.<\/p>\n\n\n<p class=\"wp-block-paragraph\">Pour les <strong>accessoires<\/strong>, n&rsquo;oubliez pas d&rsquo;inclure des pi\u00e8ces statement. Une belle <strong>ceinture en cuir<\/strong> peut transformer une tenue simple en un ensemble styl\u00e9. De plus, un <strong>sac \u00e0 main structur\u00e9<\/strong> apportera une touche d&rsquo;\u00e9l\u00e9gance \u00e0 toutes vos tenues, tandis que des boucles d&rsquo;oreilles audacieuses ou une <strong>montre d\u00e9licate<\/strong> compl\u00e8teront parfaitement votre look.<\/p>\n\n\n<p class=\"wp-block-paragraph\">En mati\u00e8re de chaussures, les <strong>bottes \u00e0 talons<\/strong> sont un must pour l&rsquo;automne et l&rsquo;hiver, tandis que les <strong>mules<\/strong> sont id\u00e9ales pour le printemps. Optez pour des teintes neutres afin de garantir une polyvalence tout en restant \u00e0 la mode.<\/p>\n\n\n<p class=\"wp-block-paragraph\">Adoptez \u00e9galement le layering, une tendance forte dans la mode fran\u00e7aise. Superposer des pi\u00e8ces en jouant sur les textures et les longueurs peut offrir un look sophistiqu\u00e9 et int\u00e9ressant. Par exemple, associez un <strong>pull en laine<\/strong> avec un <strong>gilet long<\/strong> et un <strong>blazer ajust\u00e9<\/strong>.<\/p>\n\n\n<p class=\"wp-block-paragraph\">N\u2019ayez pas peur d\u2019ajouter une touche personnelle \u00e0 vos ensembles. Que ce soit par le choix des couleurs, le mix and match de styles ou m\u00eame l\u2019inclusion de vintage, votre style doit refl\u00e9ter votre personnalit\u00e9 tout en restant en phase avec les <strong>tendances actuelles<\/strong>.<\/p>\n\n\n<div style=\"display: block;\">\n<div id=\"fb-root\"><\/div>\n<script async defer crossorigin=\"anonymous\" src=\"https:\/\/connect.facebook.net\/fr_FR\/sdk.js#xfbml=1&#038;version=v17.0\"><\/script>\n<div class=\"fb-post\" data-href=\"https:\/\/www.facebook.com\/lestendancesmeubles\/posts\/2352754998188125\" data-width=\"500\" data-show-text=\"true\"><\/div>\n<\/div>\n\n\n\n<p class=\"wp-block-paragraph\">Dans le monde dynamique de la <strong>mode<\/strong>, rester \u00e0 jour avec les <strong>tendances<\/strong> est essentiel pour exprimer sa personnalit\u00e9 \u00e0 travers son style. En France, berceau de l&rsquo;\u00e9l\u00e9gance et de l&rsquo;innovation, chaque saison apporte son lot de nouvelles inspirations qui peuvent enrichir nos garde-robes. Qu&rsquo;il s&rsquo;agisse des motifs audacieux, des couleurs vibrantes ou des tissus \u00e9cologiques, s&rsquo;informer sur ces \u00e9volutions permet de faire des choix \u00e9clair\u00e9s et r\u00e9fl\u00e9chis.<\/p>\n\n\n<p class=\"wp-block-paragraph\">Suivre les tendances, c\u2019est \u00e9galement une mani\u00e8re de s\u2019ouvrir \u00e0 de nouvelles <strong>inspirations<\/strong>. Cela peut encourager chacun \u00e0 <strong>explorer<\/strong> et \u00e0 affiner son propre style personnel. Que vous soyez adepte du classique ou que vous embrassiez un look plus avant-gardiste, il est essentiel d\u2019oser r\u00e9fl\u00e9chir \u00e0 ce qui vous d\u00e9finit vraiment. En int\u00e9grant les \u00e9l\u00e9ments tendances qui r\u00e9sonnent en vous, vous cr\u00e9ez un style unique et authentique qui vous ressemble.<\/p>\n\n\n<p class=\"wp-block-paragraph\">Les tendances offrent un cadre dans lequel nous pouvons exprimer notre cr\u00e9ativit\u00e9. Elles nous rappellent \u00e9galement que la <strong>mode<\/strong> est une forme d\u2019art \u00e9volutive, un moyen d\u2019affirmer qui nous sommes et comment nous souhaitons nous pr\u00e9senter au monde. En gardant un \u0153il sur ce qui se passe sur les podiums et dans les rues, chacun peut apprendre \u00e0 interpr\u00e9ter ces tendances \u00e0 sa mani\u00e8re et r\u00e9aliser que le plus important est de se sentir bien dans sa peau.<\/p>\n","protected":false},"excerpt":{"rendered":"","protected":false},"author":34,"featured_media":7219,"comment_status":"open","ping_status":"open","sticky":false,"template":"","format":"standard","meta":{"_acf_changed":false,"manual_indexmenow":false,"indexmenow_id_project":0,"footnotes":""},"categories":[4520],"tags":[],"class_list":["post-7218","post","type-post","status-publish","format-standard","has-post-thumbnail","hentry","category-tendances-mode","generate-columns","tablet-grid-50","mobile-grid-100","grid-parent","grid-25"],"acf":[],"yoast_head":"<!-- This site is optimized with the Yoast SEO Premium plugin v21.3 (Yoast SEO v26.5) - https:\/\/yoast.com\/wordpress\/plugins\/seo\/ -->\n<title>Les Tendances Mode de France : Ce Qu&#039;il Faut Savoir en 2023<\/title>\n<meta name=\"description\" content=\"Tendances mode en France pour 2023 : pi\u00e8ces phares, couleurs et styles \u00e0 conna\u00eetre pour rester \u00e9l\u00e9gant et dans l&#039;air du temps toute l&#039;ann\u00e9e.\" \/>\n<meta name=\"robots\" content=\"index, follow, max-snippet:-1, max-image-preview:large, max-video-preview:-1\" \/>\n<link rel=\"canonical\" href=\"https:\/\/mania-wax.fr\/blog\/tendances-mode\/decouvrez-les-dernieres-tendances-de-la-mode-en-france\/\" \/>\n<meta property=\"og:locale\" content=\"fr_FR\" \/>\n<meta property=\"og:type\" content=\"article\" \/>\n<meta property=\"og:title\" content=\"Les Tendances Mode de France : Ce Qu&#039;il Faut Savoir en 2023\" \/>\n<meta property=\"og:description\" content=\"Tendances mode en France pour 2023 : pi\u00e8ces phares, couleurs et styles \u00e0 conna\u00eetre pour rester \u00e9l\u00e9gant et dans l&#039;air du temps toute l&#039;ann\u00e9e.\" \/>\n<meta property=\"og:url\" content=\"https:\/\/mania-wax.fr\/blog\/tendances-mode\/decouvrez-les-dernieres-tendances-de-la-mode-en-france\/\" \/>\n<meta property=\"og:site_name\" content=\"mania-wax.\" \/>\n<meta property=\"og:image\" content=\"https:\/\/mania-wax.fr\/blog\/wp-content\/uploads\/2024\/12\/Decouvrez-les-dernieres-tendances-de-la-mode-en-France-1.png\" \/>\n\t<meta property=\"og:image:width\" content=\"1344\" \/>\n\t<meta property=\"og:image:height\" content=\"768\" \/>\n\t<meta property=\"og:image:type\" content=\"image\/png\" \/>\n<meta name=\"author\" content=\"Lina Mazzoni\" \/>\n<meta name=\"twitter:card\" content=\"summary_large_image\" \/>\n<script type=\"application\/ld+json\" class=\"yoast-schema-graph\">{\"@context\":\"https:\/\/schema.org\",\"@graph\":[{\"@type\":\"NewsArticle\",\"@id\":\"https:\/\/mania-wax.fr\/blog\/tendances-mode\/decouvrez-les-dernieres-tendances-de-la-mode-en-france\/#article\",\"isPartOf\":{\"@id\":\"https:\/\/mania-wax.fr\/blog\/tendances-mode\/decouvrez-les-dernieres-tendances-de-la-mode-en-france\/\"},\"author\":{\"name\":\"Lina Mazzoni\",\"@id\":\"https:\/\/mania-wax.fr\/blog\/#\/schema\/person\/3c864cdc320801e3db34b663e7e3f816\"},\"headline\":\"D\u00e9couvrez les derni\u00e8res tendances de la mode en France\",\"datePublished\":\"2024-12-17T22:29:38+00:00\",\"mainEntityOfPage\":{\"@id\":\"https:\/\/mania-wax.fr\/blog\/tendances-mode\/decouvrez-les-dernieres-tendances-de-la-mode-en-france\/\"},\"wordCount\":1427,\"commentCount\":0,\"publisher\":{\"@id\":\"https:\/\/mania-wax.fr\/blog\/#organization\"},\"image\":{\"@id\":\"https:\/\/mania-wax.fr\/blog\/tendances-mode\/decouvrez-les-dernieres-tendances-de-la-mode-en-france\/#primaryimage\"},\"thumbnailUrl\":\"https:\/\/mania-wax.fr\/blog\/wp-content\/uploads\/2024\/12\/Decouvrez-les-dernieres-tendances-de-la-mode-en-France-1.png\",\"articleSection\":[\"Tendances Mode\"],\"inLanguage\":\"fr-FR\",\"potentialAction\":[{\"@type\":\"CommentAction\",\"name\":\"Comment\",\"target\":[\"https:\/\/mania-wax.fr\/blog\/tendances-mode\/decouvrez-les-dernieres-tendances-de-la-mode-en-france\/#respond\"]}]},{\"@type\":\"WebPage\",\"@id\":\"https:\/\/mania-wax.fr\/blog\/tendances-mode\/decouvrez-les-dernieres-tendances-de-la-mode-en-france\/\",\"url\":\"https:\/\/mania-wax.fr\/blog\/tendances-mode\/decouvrez-les-dernieres-tendances-de-la-mode-en-france\/\",\"name\":\"Les Tendances Mode de France : Ce Qu'il Faut Savoir en 2023\",\"isPartOf\":{\"@id\":\"https:\/\/mania-wax.fr\/blog\/#website\"},\"primaryImageOfPage\":{\"@id\":\"https:\/\/mania-wax.fr\/blog\/tendances-mode\/decouvrez-les-dernieres-tendances-de-la-mode-en-france\/#primaryimage\"},\"image\":{\"@id\":\"https:\/\/mania-wax.fr\/blog\/tendances-mode\/decouvrez-les-dernieres-tendances-de-la-mode-en-france\/#primaryimage\"},\"thumbnailUrl\":\"https:\/\/mania-wax.fr\/blog\/wp-content\/uploads\/2024\/12\/Decouvrez-les-dernieres-tendances-de-la-mode-en-France-1.png\",\"datePublished\":\"2024-12-17T22:29:38+00:00\",\"description\":\"Tendances mode en France pour 2023 : pi\u00e8ces phares, couleurs et styles \u00e0 conna\u00eetre pour rester \u00e9l\u00e9gant et dans l'air du temps toute l'ann\u00e9e.\",\"inLanguage\":\"fr-FR\",\"potentialAction\":[{\"@type\":\"ReadAction\",\"target\":[\"https:\/\/mania-wax.fr\/blog\/tendances-mode\/decouvrez-les-dernieres-tendances-de-la-mode-en-france\/\"]}]},{\"@type\":\"ImageObject\",\"inLanguage\":\"fr-FR\",\"@id\":\"https:\/\/mania-wax.fr\/blog\/tendances-mode\/decouvrez-les-dernieres-tendances-de-la-mode-en-france\/#primaryimage\",\"url\":\"https:\/\/mania-wax.fr\/blog\/wp-content\/uploads\/2024\/12\/Decouvrez-les-dernieres-tendances-de-la-mode-en-France-1.png\",\"contentUrl\":\"https:\/\/mania-wax.fr\/blog\/wp-content\/uploads\/2024\/12\/Decouvrez-les-dernieres-tendances-de-la-mode-en-France-1.png\",\"width\":1344,\"height\":768,\"caption\":\"plongez dans l'univers passionnant de la mode en france avec notre guide des derni\u00e8res tendances. explorez les styles, couleurs et inspirations qui font vibrer le monde de la mode et tenez-vous au courant des nouveaut\u00e9s pour \u00eatre toujours \u00e0 la pointe du chic.\"},{\"@type\":\"WebSite\",\"@id\":\"https:\/\/mania-wax.fr\/blog\/#website\",\"url\":\"https:\/\/mania-wax.fr\/blog\/\",\"name\":\"Mania Wax\",\"description\":\"Mania Wax, la mode qui fait sensation\",\"publisher\":{\"@id\":\"https:\/\/mania-wax.fr\/blog\/#organization\"},\"alternateName\":\"Mania Wax, la mode qui fait sensation\",\"potentialAction\":[{\"@type\":\"SearchAction\",\"target\":{\"@type\":\"EntryPoint\",\"urlTemplate\":\"https:\/\/mania-wax.fr\/blog\/?s={search_term_string}\"},\"query-input\":{\"@type\":\"PropertyValueSpecification\",\"valueRequired\":true,\"valueName\":\"search_term_string\"}}],\"inLanguage\":\"fr-FR\"},{\"@type\":\"Organization\",\"@id\":\"https:\/\/mania-wax.fr\/blog\/#organization\",\"name\":\"Mania Wax\",\"alternateName\":\"Mania Wax\",\"url\":\"https:\/\/mania-wax.fr\/blog\/\",\"logo\":{\"@type\":\"ImageObject\",\"inLanguage\":\"fr-FR\",\"@id\":\"https:\/\/mania-wax.fr\/blog\/#\/schema\/logo\/image\/\",\"url\":\"https:\/\/mania-wax.fr\/blog\/wp-content\/uploads\/2026\/07\/logo-auto.png\",\"contentUrl\":\"https:\/\/mania-wax.fr\/blog\/wp-content\/uploads\/2026\/07\/logo-auto.png\",\"width\":1024,\"height\":1024,\"caption\":\"Mania Wax\"},\"image\":{\"@id\":\"https:\/\/mania-wax.fr\/blog\/#\/schema\/logo\/image\/\"}},{\"@type\":\"Person\",\"@id\":\"https:\/\/mania-wax.fr\/blog\/#\/schema\/person\/3c864cdc320801e3db34b663e7e3f816\",\"name\":\"Lina Mazzoni\",\"image\":{\"@type\":\"ImageObject\",\"inLanguage\":\"fr-FR\",\"@id\":\"https:\/\/mania-wax.fr\/blog\/#\/schema\/person\/image\/\",\"url\":\"https:\/\/mania-wax.fr\/blog\/wp-content\/uploads\/2026\/06\/persona_lina-m-96x96.jpg\",\"contentUrl\":\"https:\/\/mania-wax.fr\/blog\/wp-content\/uploads\/2026\/06\/persona_lina-m-96x96.jpg\",\"caption\":\"Lina Mazzoni\"},\"description\":\"La mode et la beaut\u00e9 m'accompagnent depuis toujours, et j'en ai fait mon m\u00e9tier d'\u00e9ditrice depuis une dizaine d'ann\u00e9es. J'\u00e9cris sur les tendances vestimentaires, la lingerie, les accessoires et les routines beaut\u00e9, avec l'envie d'aider chacune \u00e0 trouver son style plut\u00f4t qu'\u00e0 suivre aveugl\u00e9ment les diktats. J'aime d\u00e9crypter une silhouette, expliquer comment choisir une mati\u00e8re, une coupe ou un soin selon sa morphologie et sa peau, et d\u00e9m\u00ealer le vrai du marketing dans les produits beaut\u00e9. Avant de recommander une pi\u00e8ce ou un cosm\u00e9tique, je v\u00e9rifie la composition, la qualit\u00e9 et le rapport qualit\u00e9-prix, et je teste quand c'est possible. Je tiens \u00e0 un ton inclusif, loin des injonctions et des complexes. Mon angle : la mode comme plaisir et expression de soi, pas comme course \u00e9puisante aux nouveaut\u00e9s. Bien s'habiller, c'est d'abord se sentir bien.\",\"sameAs\":[\"https:\/\/linamazzoni.fr\/\"],\"url\":\"https:\/\/mania-wax.fr\/blog\/auteur\/noname\/\"}]}<\/script>\n<!-- \/ Yoast SEO Premium plugin. -->","yoast_head_json":{"title":"Les Tendances Mode de France : Ce Qu'il Faut Savoir en 2023","description":"Tendances mode en France pour 2023 : pi\u00e8ces phares, couleurs et styles \u00e0 conna\u00eetre pour rester \u00e9l\u00e9gant et dans l'air du temps toute l'ann\u00e9e.","robots":{"index":"index","follow":"follow","max-snippet":"max-snippet:-1","max-image-preview":"max-image-preview:large","max-video-preview":"max-video-preview:-1"},"canonical":"https:\/\/mania-wax.fr\/blog\/tendances-mode\/decouvrez-les-dernieres-tendances-de-la-mode-en-france\/","og_locale":"fr_FR","og_type":"article","og_title":"Les Tendances Mode de France : Ce Qu'il Faut Savoir en 2023","og_description":"Tendances mode en France pour 2023 : pi\u00e8ces phares, couleurs et styles \u00e0 conna\u00eetre pour rester \u00e9l\u00e9gant et dans l'air du temps toute l'ann\u00e9e.","og_url":"https:\/\/mania-wax.fr\/blog\/tendances-mode\/decouvrez-les-dernieres-tendances-de-la-mode-en-france\/","og_site_name":"mania-wax.","og_image":[{"width":1344,"height":768,"url":"https:\/\/mania-wax.fr\/blog\/wp-content\/uploads\/2024\/12\/Decouvrez-les-dernieres-tendances-de-la-mode-en-France-1.png","type":"image\/png"}],"author":"Lina Mazzoni","twitter_card":"summary_large_image","schema":{"@context":"https:\/\/schema.org","@graph":[{"@type":"NewsArticle","@id":"https:\/\/mania-wax.fr\/blog\/tendances-mode\/decouvrez-les-dernieres-tendances-de-la-mode-en-france\/#article","isPartOf":{"@id":"https:\/\/mania-wax.fr\/blog\/tendances-mode\/decouvrez-les-dernieres-tendances-de-la-mode-en-france\/"},"author":{"name":"Lina Mazzoni","@id":"https:\/\/mania-wax.fr\/blog\/#\/schema\/person\/3c864cdc320801e3db34b663e7e3f816"},"headline":"D\u00e9couvrez les derni\u00e8res tendances de la mode en France","datePublished":"2024-12-17T22:29:38+00:00","mainEntityOfPage":{"@id":"https:\/\/mania-wax.fr\/blog\/tendances-mode\/decouvrez-les-dernieres-tendances-de-la-mode-en-france\/"},"wordCount":1427,"commentCount":0,"publisher":{"@id":"https:\/\/mania-wax.fr\/blog\/#organization"},"image":{"@id":"https:\/\/mania-wax.fr\/blog\/tendances-mode\/decouvrez-les-dernieres-tendances-de-la-mode-en-france\/#primaryimage"},"thumbnailUrl":"https:\/\/mania-wax.fr\/blog\/wp-content\/uploads\/2024\/12\/Decouvrez-les-dernieres-tendances-de-la-mode-en-France-1.png","articleSection":["Tendances Mode"],"inLanguage":"fr-FR","potentialAction":[{"@type":"CommentAction","name":"Comment","target":["https:\/\/mania-wax.fr\/blog\/tendances-mode\/decouvrez-les-dernieres-tendances-de-la-mode-en-france\/#respond"]}]},{"@type":"WebPage","@id":"https:\/\/mania-wax.fr\/blog\/tendances-mode\/decouvrez-les-dernieres-tendances-de-la-mode-en-france\/","url":"https:\/\/mania-wax.fr\/blog\/tendances-mode\/decouvrez-les-dernieres-tendances-de-la-mode-en-france\/","name":"Les Tendances Mode de France : Ce Qu'il Faut Savoir en 2023","isPartOf":{"@id":"https:\/\/mania-wax.fr\/blog\/#website"},"primaryImageOfPage":{"@id":"https:\/\/mania-wax.fr\/blog\/tendances-mode\/decouvrez-les-dernieres-tendances-de-la-mode-en-france\/#primaryimage"},"image":{"@id":"https:\/\/mania-wax.fr\/blog\/tendances-mode\/decouvrez-les-dernieres-tendances-de-la-mode-en-france\/#primaryimage"},"thumbnailUrl":"https:\/\/mania-wax.fr\/blog\/wp-content\/uploads\/2024\/12\/Decouvrez-les-dernieres-tendances-de-la-mode-en-France-1.png","datePublished":"2024-12-17T22:29:38+00:00","description":"Tendances mode en France pour 2023 : pi\u00e8ces phares, couleurs et styles \u00e0 conna\u00eetre pour rester \u00e9l\u00e9gant et dans l'air du temps toute l'ann\u00e9e.","inLanguage":"fr-FR","potentialAction":[{"@type":"ReadAction","target":["https:\/\/mania-wax.fr\/blog\/tendances-mode\/decouvrez-les-dernieres-tendances-de-la-mode-en-france\/"]}]},{"@type":"ImageObject","inLanguage":"fr-FR","@id":"https:\/\/mania-wax.fr\/blog\/tendances-mode\/decouvrez-les-dernieres-tendances-de-la-mode-en-france\/#primaryimage","url":"https:\/\/mania-wax.fr\/blog\/wp-content\/uploads\/2024\/12\/Decouvrez-les-dernieres-tendances-de-la-mode-en-France-1.png","contentUrl":"https:\/\/mania-wax.fr\/blog\/wp-content\/uploads\/2024\/12\/Decouvrez-les-dernieres-tendances-de-la-mode-en-France-1.png","width":1344,"height":768,"caption":"plongez dans l'univers passionnant de la mode en france avec notre guide des derni\u00e8res tendances. explorez les styles, couleurs et inspirations qui font vibrer le monde de la mode et tenez-vous au courant des nouveaut\u00e9s pour \u00eatre toujours \u00e0 la pointe du chic."},{"@type":"WebSite","@id":"https:\/\/mania-wax.fr\/blog\/#website","url":"https:\/\/mania-wax.fr\/blog\/","name":"Mania Wax","description":"Mania Wax, la mode qui fait sensation","publisher":{"@id":"https:\/\/mania-wax.fr\/blog\/#organization"},"alternateName":"Mania Wax, la mode qui fait sensation","potentialAction":[{"@type":"SearchAction","target":{"@type":"EntryPoint","urlTemplate":"https:\/\/mania-wax.fr\/blog\/?s={search_term_string}"},"query-input":{"@type":"PropertyValueSpecification","valueRequired":true,"valueName":"search_term_string"}}],"inLanguage":"fr-FR"},{"@type":"Organization","@id":"https:\/\/mania-wax.fr\/blog\/#organization","name":"Mania Wax","alternateName":"Mania Wax","url":"https:\/\/mania-wax.fr\/blog\/","logo":{"@type":"ImageObject","inLanguage":"fr-FR","@id":"https:\/\/mania-wax.fr\/blog\/#\/schema\/logo\/image\/","url":"https:\/\/mania-wax.fr\/blog\/wp-content\/uploads\/2026\/07\/logo-auto.png","contentUrl":"https:\/\/mania-wax.fr\/blog\/wp-content\/uploads\/2026\/07\/logo-auto.png","width":1024,"height":1024,"caption":"Mania Wax"},"image":{"@id":"https:\/\/mania-wax.fr\/blog\/#\/schema\/logo\/image\/"}},{"@type":"Person","@id":"https:\/\/mania-wax.fr\/blog\/#\/schema\/person\/3c864cdc320801e3db34b663e7e3f816","name":"Lina Mazzoni","image":{"@type":"ImageObject","inLanguage":"fr-FR","@id":"https:\/\/mania-wax.fr\/blog\/#\/schema\/person\/image\/","url":"https:\/\/mania-wax.fr\/blog\/wp-content\/uploads\/2026\/06\/persona_lina-m-96x96.jpg","contentUrl":"https:\/\/mania-wax.fr\/blog\/wp-content\/uploads\/2026\/06\/persona_lina-m-96x96.jpg","caption":"Lina Mazzoni"},"description":"La mode et la beaut\u00e9 m'accompagnent depuis toujours, et j'en ai fait mon m\u00e9tier d'\u00e9ditrice depuis une dizaine d'ann\u00e9es. J'\u00e9cris sur les tendances vestimentaires, la lingerie, les accessoires et les routines beaut\u00e9, avec l'envie d'aider chacune \u00e0 trouver son style plut\u00f4t qu'\u00e0 suivre aveugl\u00e9ment les diktats. J'aime d\u00e9crypter une silhouette, expliquer comment choisir une mati\u00e8re, une coupe ou un soin selon sa morphologie et sa peau, et d\u00e9m\u00ealer le vrai du marketing dans les produits beaut\u00e9. Avant de recommander une pi\u00e8ce ou un cosm\u00e9tique, je v\u00e9rifie la composition, la qualit\u00e9 et le rapport qualit\u00e9-prix, et je teste quand c'est possible. Je tiens \u00e0 un ton inclusif, loin des injonctions et des complexes. Mon angle : la mode comme plaisir et expression de soi, pas comme course \u00e9puisante aux nouveaut\u00e9s. Bien s'habiller, c'est d'abord se sentir bien.","sameAs":["https:\/\/linamazzoni.fr\/"],"url":"https:\/\/mania-wax.fr\/blog\/auteur\/noname\/"}]}},"_links":{"self":[{"href":"https:\/\/mania-wax.fr\/blog\/wp-json\/wp\/v2\/posts\/7218","targetHints":{"allow":["GET"]}}],"collection":[{"href":"https:\/\/mania-wax.fr\/blog\/wp-json\/wp\/v2\/posts"}],"about":[{"href":"https:\/\/mania-wax.fr\/blog\/wp-json\/wp\/v2\/types\/post"}],"author":[{"embeddable":true,"href":"https:\/\/mania-wax.fr\/blog\/wp-json\/wp\/v2\/users\/34"}],"replies":[{"embeddable":true,"href":"https:\/\/mania-wax.fr\/blog\/wp-json\/wp\/v2\/comments?post=7218"}],"version-history":[{"count":0,"href":"https:\/\/mania-wax.fr\/blog\/wp-json\/wp\/v2\/posts\/7218\/revisions"}],"wp:featuredmedia":[{"embeddable":true,"href":"https:\/\/mania-wax.fr\/blog\/wp-json\/wp\/v2\/media\/7219"}],"wp:attachment":[{"href":"https:\/\/mania-wax.fr\/blog\/wp-json\/wp\/v2\/media?parent=7218"}],"wp:term":[{"taxonomy":"category","embeddable":true,"href":"https:\/\/mania-wax.fr\/blog\/wp-json\/wp\/v2\/categories?post=7218"},{"taxonomy":"post_tag","embeddable":true,"href":"https:\/\/mania-wax.fr\/blog\/wp-json\/wp\/v2\/tags?post=7218"}],"curies":[{"name":"wp","href":"https:\/\/api.w.org\/{rel}","templated":true}]}}