{"id":7221,"date":"2024-12-18T07:31:45","date_gmt":"2024-12-18T06:31:45","guid":{"rendered":"https:\/\/mania-wax.fr\/blog\/a-la-une\/les-indispensables-du-dressing-francais-a-avoir-cet-ete\/"},"modified":"2024-12-18T07:31:45","modified_gmt":"2024-12-18T06:31:45","slug":"les-indispensables-du-dressing-francais-a-avoir-cet-ete","status":"publish","type":"post","link":"https:\/\/mania-wax.fr\/blog\/tendances-mode\/les-indispensables-du-dressing-francais-a-avoir-cet-ete\/","title":{"rendered":"Les indispensables du dressing fran\u00e7ais \u00e0 avoir cet \u00e9t\u00e9"},"content":{"rendered":"\n\n<p class=\"wp-block-paragraph\">Avec l&rsquo;arriv\u00e9e des journ\u00e9es ensoleill\u00e9es et des soir\u00e9es \u00e9toil\u00e9es, il est essentiel de pr\u00e9parer son <strong>dressing<\/strong> pour l&rsquo;\u00e9t\u00e9. La saison estivale est l&rsquo;occasion r\u00eav\u00e9e d&rsquo;exprimer son style personnel tout en restant \u00e0 l&rsquo;aise face \u00e0 la chaleur. Choisir les <strong>bonnes pi\u00e8ces<\/strong> pour composer une garde-robe chic et pratique est donc primordial. Qu&rsquo;il s&rsquo;agisse de <strong.v l>, d&rsquo;accessoires \u00e9l\u00e9gants ou de chaussures confortables, chaque \u00e9l\u00e9ment de votre tenue doit refl\u00e9ter votre identit\u00e9 tout en s&rsquo;adaptant \u00e0 l&rsquo;ambiance estivale. Dans cet article, nous vous d\u00e9voilerons les <strong>indispensables<\/strong> \u00e0 avoir pour cet \u00e9t\u00e9, afin de vous aider \u00e0 cr\u00e9er un <strong>look<\/strong> \u00e0 la fois raffin\u00e9 et fonctionnel. Pr\u00e9parez-vous \u00e0 faire le plein d&rsquo;id\u00e9es pour briller sous le soleil tout en restant fid\u00e8le \u00e0 l&rsquo;esprit du <strong>chic fran\u00e7ais<\/strong>. <\/strong.v><\/p>\n\n\n\n<p class=\"wp-block-paragraph\">Pour cet \u00e9t\u00e9 2023, le <strong>dressing fran\u00e7ais<\/strong> se pare de couleurs p\u00e9tillantes et de tissus l\u00e9gers, offrant ainsi une multitude de possibilit\u00e9s pour composer des tenues estivales \u00e0 la fois \u00e9l\u00e9gantes et confortables. Les <strong>nuances vibrantes<\/strong> comme le corail, le turquoise et le jaune soleil font leur grand retour, offrant une palette color\u00e9e qui saura \u00e9gayer m\u00eame les journ\u00e9es les plus nuageuses.<\/p>\n\n\n<p class=\"wp-block-paragraph\">Les <strong>tissus l\u00e9gers<\/strong> sont \u00e0 l&rsquo;honneur. Le <strong>lin<\/strong> et le <strong>coton<\/strong> sont des choix privil\u00e9gi\u00e9s, apportant une touche chic sans compromettre le confort. On observe \u00e9galement une mont\u00e9e en puissance des mati\u00e8res <strong>\u00e9co-responsables<\/strong>, avec des pi\u00e8ces en textiles recycl\u00e9s qui s\u00e9duisent de plus en plus les fashionistas soucieuses de l&rsquo;environnement.<\/p>\n\n\n<p class=\"wp-block-paragraph\">En mati\u00e8re de styles, les <strong>xcombinaisons<\/strong> et <strong>combishorts<\/strong> restent des incontournables. Ces pi\u00e8ces unies sont parfaites pour une allure d\u00e9contract\u00e9e tout en \u00e9tant soign\u00e9e. Les <strong>blouses a\u00e9riennes<\/strong>, orn\u00e9es de froufrous ou de d\u00e9tails d\u00e9licats, s\u2019associent ais\u00e9ment avec des <strong>shorts en jean<\/strong> ou des <strong>jupes longues<\/strong> pour une silhouette estivale fluide.<\/p>\n\n\n<p class=\"wp-block-paragraph\">Les <strong>marini\u00e8res<\/strong>, embl\u00e9matiques du style fran\u00e7ais, reviennent aussi en force, revisit\u00e9es dans des coupes modernes et des teintes estivales. Enfin, n&rsquo;oublions pas l&rsquo;importance des accessoires : un <strong>joli chapeau en paille<\/strong> ou une <strong>casquette<\/strong> apportent une touche finale \u00e0 n&rsquo;importe quelle tenue tout en prot\u00e9geant du soleil.<\/p>\n\n\n<p class=\"wp-block-paragraph\">Pour les chaussures, les <strong>sandales plates en cuir naturel<\/strong> sont essentielles, combinant style et confort. Ces derni\u00e8res se marient \u00e0 merveille avec des v\u00eatements l\u00e9gers pour une promenade en bord de mer ou une sortie entre amis.<\/p>\n\n\n\n<ul class=\"wp-block-list\">\n\n<li>\n            <strong>Robes l\u00e9g\u00e8res<\/strong> : Optez pour des tissus fluides comme la <strong>coton<\/strong> ou le <strong>lin<\/strong> qui permettent de rester au frais. Les robes \u00e0 imprim\u00e9s floraux ou ray\u00e9s sont parfaites pour un look estival. Associez-les avec une <strong>veste en jean<\/strong> pour les soir\u00e9es fra\u00eeches.\n        <\/li>\n\n\n<li>\n            <strong>Shorts en toile<\/strong> : Un basique incontournable, le <strong>short en toile<\/strong> peut \u00eatre port\u00e9 avec un <strong>t-shirt en coton<\/strong> ou une <strong>blouse l\u00e9g\u00e8re<\/strong>. Choisissez des couleurs neutres pour les associer facilement avec diff\u00e9rents accessoires.\n        <\/li>\n\n\n<li>\n            <strong>Sandales \u00e9l\u00e9gantes<\/strong> : Que ce soit des <strong>sandalettes plates<\/strong> ou des <strong>sabot \u00e0 talons<\/strong>, les sandales ajoutent une touche de chic \u00e0 n&rsquo;importe quelle tenue. Pensez \u00e0 des teintes m\u00e9talliques ou des couleurs pastel pour l&rsquo;\u00e9t\u00e9.\n        <\/li>\n\n\n<li>\n            <strong>Pantalon culotte<\/strong> : Tr\u00e8s tendance cet \u00e9t\u00e9, le <strong>pantalon culotte<\/strong> est \u00e0 la fois confortable et styl\u00e9. Portez-le avec un <strong>top ajust\u00e9<\/strong> pour \u00e9quilibrer la silhouette. Les motifs en \u00e9dition limit\u00e9e peuvent ajouter une touche originale \u00e0 votre look.\n        <\/li>\n\n\n<li>\n            <strong>Accessoires<\/strong> : Les sacs en paille, les foulards l\u00e9gers et les <strong>chapeaux de soleil<\/strong> ne sont pas seulement pratiques, mais aussi essentiels pour compl\u00e9ter un look estival. Un <strong>sac bandouli\u00e8re<\/strong> est parfait pour lib\u00e9rer vos mains lors des sorties.\n        <\/li>\n\n\n<li>\n            <strong>Maillots de bain<\/strong> : Quel que soit votre style, il est important d&rsquo;avoir un ou deux <strong>maillots de bain<\/strong> qui vous mettent en valeur. Accessoirisez-les avec un <strong>par\u00e9o<\/strong> et une grande <strong>serviette<\/strong> de plage pour un apr\u00e8s-midi au soleil.\n        <\/li>\n\n\n<li>\n            <strong>Jupe midi<\/strong> : \u00c9l\u00e9gante et f\u00e9minine, la <strong>jupe midi<\/strong> peut \u00eatre port\u00e9e avec des <strong>sneakers<\/strong> pour un look d\u00e9contract\u00e9 ou des <strong>escarpins<\/strong> pour une allure plus sophistiqu\u00e9e. Les imprim\u00e9s vifs sont id\u00e9aux pour l&rsquo;\u00e9t\u00e9.\n        <\/li>\n\n<\/ul>\n\n\n<figure class='wp-block-image size-full'>\n<img width=\"1344\" height=\"768\" src=\"https:\/\/mania-wax.fr\/blog\/wp-content\/uploads\/2024\/12\/Les-indispensables-du-dressing-francais-a-avoir-cet-ete.png\" class=\"attachment-full size-full\" alt=\"d\u00e9couvrez les incontournables du dressing fran\u00e7ais pour un \u00e9t\u00e9 styl\u00e9 ! consultez notre guide des pi\u00e8ces mode essentielles qui allient \u00e9l\u00e9gance et confort, pour \u00eatre au top des tendances cet \u00e9t\u00e9.\" decoding=\"async\" loading=\"lazy\" \/>\n<\/figure>\n\n\n\n<h2 class=\"wp-block-heading\">Conseils de style pour un \u00e9t\u00e9 chic et pratique<\/h2>\n\n\n<p class=\"wp-block-paragraph\">Lorsque l&rsquo;\u00e9t\u00e9 arrive, il est essentiel d&rsquo;adopter des pi\u00e8ces <strong>indispensables<\/strong> qui non seulement mettent en valeur votre silhouette, mais aussi vous assurent un confort optimal. Voici quelques conseils pour int\u00e9grer ces essentiels au quotidien.<\/p>\n\n\n<h3 class=\"wp-block-heading\">Les v\u00eatements l\u00e9gers<\/h3>\n\n\n<p class=\"wp-block-paragraph\">Optez pour des <strong>tissus naturels<\/strong> tels que le <strong>coton<\/strong> et le <strong>lin<\/strong>, qui respirent bien et vous gardent au frais. Par exemple, une <strong>chemise en lin<\/strong> blanche peut \u00eatre associ\u00e9e \u00e0 un <strong>short en denim<\/strong> pour un look d\u00e9contract\u00e9 tout en restant chic. Pour une soir\u00e9e, un <strong>top en soie<\/strong> s\u2019associera parfaitement avec un <strong>pantalon l\u00e9ger<\/strong> pour une allure \u00e9l\u00e9gante.<\/p>\n\n\n<h3 class=\"wp-block-heading\">Les couleurs estivales<\/h3>\n\n\n<p class=\"wp-block-paragraph\">Favorisez des <strong>teintes claires<\/strong> comme le <strong>beige<\/strong>, le <strong>blanc<\/strong> et le <strong>pastel<\/strong> pour refl\u00e9ter la lumi\u00e8re et vous donner un air frais. L\u2019association d\u2019un <strong>haut pastel<\/strong> avec un <strong>pantalon blanc<\/strong> cr\u00e9e une palette douce et apaisante, tandis que des couleurs vives comme le <strong>corail<\/strong> ou le <strong>vert \u00e9meraude<\/strong> peuvent \u00eatre utilis\u00e9es pour des accessoires tels que des sacs ou des chaussures, ajoutant ainsi une touche d\u2019\u00e9clat \u00e0 votre ensemble.<\/p>\n\n\n<h3 class=\"wp-block-heading\">Les accessoires essentiels<\/h3>\n\n\n<p class=\"wp-block-paragraph\">Pour compl\u00e9ter vos tenues, les <strong>accessoires<\/strong> jouent un r\u00f4le cl\u00e9. Un grand <strong>sac en toile<\/strong> est parfait pour les journ\u00e9es \u00e0 la plage, tandis qu\u2019un <strong>chapeau en paille<\/strong> vous prot\u00e9gera du soleil tout en ajoutant du style. Les <strong>lunettes de soleil<\/strong>, en plus de leur utilit\u00e9, peuvent vraiment rehausser un look, choisissez des mod\u00e8les avec des <strong>montures color\u00e9es<\/strong> pour un effet tendance.<\/p>\n\n\n<h3 class=\"wp-block-heading\">Les chaussures<\/h3>\n\n\n<p class=\"wp-block-paragraph\">Les <strong>sandales<\/strong> sont un must pour l&rsquo;\u00e9t\u00e9. Optez pour des mod\u00e8les en cuir qui se marient bien avec divers styles. Pour un look chic, associez des <strong>sandales \u00e0 talons<\/strong> \u00e0 une <strong>robe l\u00e9g\u00e8re<\/strong>. Les <strong>baskets blanches<\/strong>, quant \u00e0 elles, apportent une touche moderne \u00e0 un <strong>jean<\/strong> ou \u00e0 une <strong>jupette<\/strong>.<\/p>\n\n\n<h3 class=\"wp-block-heading\">Les superpositions<\/h3>\n\n\n<p class=\"wp-block-paragraph\">N&rsquo;h\u00e9sitez pas \u00e0 jouer avec les <strong>superpositions<\/strong>. Un <strong>kimono l\u00e9ger<\/strong> par-dessus un <strong>top simple<\/strong> apportera une dimension suppl\u00e9mentaire \u00e0 votre tenue tout en \u00e9tant pratique. Utilisez des textures diff\u00e9rentes comme un <strong>brassi\u00e8re en crochet<\/strong> port\u00e9e sous un <strong>blazer fluide<\/strong> pour un contraste int\u00e9ressant.<\/p>\n\n\n<figure class=\"wp-block-embed is-type-video is-provider-youtube wp-block-embed-youtube wp-embed-aspect-16-9 wp-has-aspect-ratio\">\n<div class=\"wp-block-embed__wrapper\">\n<iframe loading=\"lazy\" title=\"EN ROUTE VERS UN DRESSING MINIMALISTE - 5 FRINGUES \u00c0 AVOIR ET \u00c0 SE PARTAGER !\" width=\"1200\" height=\"675\" src=\"https:\/\/www.youtube.com\/embed\/vXvfvbt1-1E?feature=oembed\" frameborder=\"0\" allow=\"accelerometer; autoplay; clipboard-write; encrypted-media; gyroscope; picture-in-picture; web-share\" referrerpolicy=\"strict-origin-when-cross-origin\" allowfullscreen><\/iframe>\n<\/div>\n<\/figure>\n\n\n\n<p class=\"wp-block-paragraph\">Une <strong>garde-robe fran\u00e7aise<\/strong> bien pens\u00e9e pour l&rsquo;<strong>\u00e9t\u00e9<\/strong> est essentielle pour allier <strong>\u00e9l\u00e9gance<\/strong> et <strong>praticit\u00e9<\/strong>. Opter pour des pi\u00e8ces intemporelles et de qualit\u00e9 permet de composer des looks vari\u00e9s tout en restant fid\u00e8le \u00e0 un style chic. Chaque \u00e9l\u00e9ment, du <strong>t-shirt basique<\/strong> au <strong>bermuda chic<\/strong>, peut \u00eatre associ\u00e9 pour cr\u00e9er une multitude d&rsquo;ensembles, adapt\u00e9s \u00e0 chaque occasion, qu&rsquo;elle soit d\u00e9contract\u00e9e ou plus formelle.<\/p>\n\n\n<p class=\"wp-block-paragraph\">En int\u00e9grant des <strong>couleurs douces<\/strong> et des <strong>textiles l\u00e9gers<\/strong>, on s&rsquo;assure non seulement de rester \u00e0 l&rsquo;aise face \u00e0 la chaleur estivale, mais aussi de se sentir confiant dans sa tenue. N&rsquo;h\u00e9sitez pas \u00e0 jouer avec les accessoires, comme des <strong>sacs en osier<\/strong> ou des <strong>chapeaux de paille<\/strong>, qui apportent une touche finale charmante \u00e0 votre look.<\/p>\n\n\n<p class=\"wp-block-paragraph\">Enfin, ne sous-estimez pas l&rsquo;importance d&rsquo;exp\u00e9rimenter avec votre style. La mode est un terrain de jeu o\u00f9 chaque choix devient une affirmation de votre personnalit\u00e9. Osez m\u00e9langer les styles, superposez les couches, et surtout, amusez-vous avec vos tenues. L&rsquo;<strong>\u00e9t\u00e9<\/strong> est le moment id\u00e9al pour exprimer votre unicit\u00e9 \u00e0 travers un <strong>dressing<\/strong> \u00e0 la fois \u00e9l\u00e9gant et fonctionnel.<\/p>\n","protected":false},"excerpt":{"rendered":"","protected":false},"author":34,"featured_media":7222,"comment_status":"open","ping_status":"open","sticky":false,"template":"","format":"standard","meta":{"_acf_changed":false,"manual_indexmenow":false,"indexmenow_id_project":0,"footnotes":""},"categories":[4520],"tags":[],"class_list":["post-7221","post","type-post","status-publish","format-standard","has-post-thumbnail","hentry","category-tendances-mode","generate-columns","tablet-grid-50","mobile-grid-100","grid-parent","grid-25"],"acf":[],"yoast_head":"<!-- This site is optimized with the Yoast SEO Premium plugin v21.3 (Yoast SEO v26.5) - https:\/\/yoast.com\/wordpress\/plugins\/seo\/ -->\n<title>Essentiels Mode: Votre Dressing Fran\u00e7ais Pour Un \u00c9t\u00e9 Styl\u00e9<\/title>\n<meta name=\"description\" content=\"Pr\u00e9parez votre dressing fran\u00e7ais pour l&#039;\u00e9t\u00e9 : pi\u00e8ces essentielles, associations et conseils de style pour rester chic et \u00e0 l&#039;aise.\" \/>\n<meta name=\"robots\" content=\"index, follow, max-snippet:-1, max-image-preview:large, max-video-preview:-1\" \/>\n<link rel=\"canonical\" href=\"https:\/\/mania-wax.fr\/blog\/tendances-mode\/les-indispensables-du-dressing-francais-a-avoir-cet-ete\/\" \/>\n<meta property=\"og:locale\" content=\"fr_FR\" \/>\n<meta property=\"og:type\" content=\"article\" \/>\n<meta property=\"og:title\" content=\"Essentiels Mode: Votre Dressing Fran\u00e7ais Pour Un \u00c9t\u00e9 Styl\u00e9\" \/>\n<meta property=\"og:description\" content=\"Pr\u00e9parez votre dressing fran\u00e7ais pour l&#039;\u00e9t\u00e9 : pi\u00e8ces essentielles, associations et conseils de style pour rester chic et \u00e0 l&#039;aise.\" \/>\n<meta property=\"og:url\" content=\"https:\/\/mania-wax.fr\/blog\/tendances-mode\/les-indispensables-du-dressing-francais-a-avoir-cet-ete\/\" \/>\n<meta property=\"og:site_name\" content=\"mania-wax.\" \/>\n<meta property=\"og:image\" content=\"https:\/\/mania-wax.fr\/blog\/wp-content\/uploads\/2024\/12\/Les-indispensables-du-dressing-francais-a-avoir-cet-ete-1.png\" \/>\n\t<meta property=\"og:image:width\" content=\"1344\" \/>\n\t<meta property=\"og:image:height\" content=\"768\" \/>\n\t<meta property=\"og:image:type\" content=\"image\/png\" \/>\n<meta name=\"author\" content=\"Lina Mazzoni\" \/>\n<meta name=\"twitter:card\" content=\"summary_large_image\" \/>\n<script type=\"application\/ld+json\" class=\"yoast-schema-graph\">{\"@context\":\"https:\/\/schema.org\",\"@graph\":[{\"@type\":\"NewsArticle\",\"@id\":\"https:\/\/mania-wax.fr\/blog\/tendances-mode\/les-indispensables-du-dressing-francais-a-avoir-cet-ete\/#article\",\"isPartOf\":{\"@id\":\"https:\/\/mania-wax.fr\/blog\/tendances-mode\/les-indispensables-du-dressing-francais-a-avoir-cet-ete\/\"},\"author\":{\"name\":\"Lina Mazzoni\",\"@id\":\"https:\/\/mania-wax.fr\/blog\/#\/schema\/person\/3c864cdc320801e3db34b663e7e3f816\"},\"headline\":\"Les indispensables du dressing fran\u00e7ais \u00e0 avoir cet \u00e9t\u00e9\",\"datePublished\":\"2024-12-18T06:31:45+00:00\",\"mainEntityOfPage\":{\"@id\":\"https:\/\/mania-wax.fr\/blog\/tendances-mode\/les-indispensables-du-dressing-francais-a-avoir-cet-ete\/\"},\"wordCount\":1286,\"commentCount\":0,\"publisher\":{\"@id\":\"https:\/\/mania-wax.fr\/blog\/#organization\"},\"image\":{\"@id\":\"https:\/\/mania-wax.fr\/blog\/tendances-mode\/les-indispensables-du-dressing-francais-a-avoir-cet-ete\/#primaryimage\"},\"thumbnailUrl\":\"https:\/\/mania-wax.fr\/blog\/wp-content\/uploads\/2024\/12\/Les-indispensables-du-dressing-francais-a-avoir-cet-ete-1.png\",\"articleSection\":[\"Tendances Mode\"],\"inLanguage\":\"fr-FR\",\"potentialAction\":[{\"@type\":\"CommentAction\",\"name\":\"Comment\",\"target\":[\"https:\/\/mania-wax.fr\/blog\/tendances-mode\/les-indispensables-du-dressing-francais-a-avoir-cet-ete\/#respond\"]}]},{\"@type\":\"WebPage\",\"@id\":\"https:\/\/mania-wax.fr\/blog\/tendances-mode\/les-indispensables-du-dressing-francais-a-avoir-cet-ete\/\",\"url\":\"https:\/\/mania-wax.fr\/blog\/tendances-mode\/les-indispensables-du-dressing-francais-a-avoir-cet-ete\/\",\"name\":\"Essentiels Mode: Votre Dressing Fran\u00e7ais Pour Un \u00c9t\u00e9 Styl\u00e9\",\"isPartOf\":{\"@id\":\"https:\/\/mania-wax.fr\/blog\/#website\"},\"primaryImageOfPage\":{\"@id\":\"https:\/\/mania-wax.fr\/blog\/tendances-mode\/les-indispensables-du-dressing-francais-a-avoir-cet-ete\/#primaryimage\"},\"image\":{\"@id\":\"https:\/\/mania-wax.fr\/blog\/tendances-mode\/les-indispensables-du-dressing-francais-a-avoir-cet-ete\/#primaryimage\"},\"thumbnailUrl\":\"https:\/\/mania-wax.fr\/blog\/wp-content\/uploads\/2024\/12\/Les-indispensables-du-dressing-francais-a-avoir-cet-ete-1.png\",\"datePublished\":\"2024-12-18T06:31:45+00:00\",\"description\":\"Pr\u00e9parez votre dressing fran\u00e7ais pour l'\u00e9t\u00e9 : pi\u00e8ces essentielles, associations et conseils de style pour rester chic et \u00e0 l'aise.\",\"inLanguage\":\"fr-FR\",\"potentialAction\":[{\"@type\":\"ReadAction\",\"target\":[\"https:\/\/mania-wax.fr\/blog\/tendances-mode\/les-indispensables-du-dressing-francais-a-avoir-cet-ete\/\"]}]},{\"@type\":\"ImageObject\",\"inLanguage\":\"fr-FR\",\"@id\":\"https:\/\/mania-wax.fr\/blog\/tendances-mode\/les-indispensables-du-dressing-francais-a-avoir-cet-ete\/#primaryimage\",\"url\":\"https:\/\/mania-wax.fr\/blog\/wp-content\/uploads\/2024\/12\/Les-indispensables-du-dressing-francais-a-avoir-cet-ete-1.png\",\"contentUrl\":\"https:\/\/mania-wax.fr\/blog\/wp-content\/uploads\/2024\/12\/Les-indispensables-du-dressing-francais-a-avoir-cet-ete-1.png\",\"width\":1344,\"height\":768,\"caption\":\"d\u00e9couvrez les indispensables du dressing fran\u00e7ais pour cet \u00e9t\u00e9 ! mode, \u00e9l\u00e9gance et tendances s'entrem\u00ealent pour vous aider \u00e0 composer des tenues parfaites. ne manquez pas les pi\u00e8ces cl\u00e9s \u00e0 avoir absolument dans votre garde-robe estivale.\"},{\"@type\":\"WebSite\",\"@id\":\"https:\/\/mania-wax.fr\/blog\/#website\",\"url\":\"https:\/\/mania-wax.fr\/blog\/\",\"name\":\"Mania Wax\",\"description\":\"Mania Wax, la mode qui fait sensation\",\"publisher\":{\"@id\":\"https:\/\/mania-wax.fr\/blog\/#organization\"},\"alternateName\":\"Mania Wax, la mode qui fait sensation\",\"potentialAction\":[{\"@type\":\"SearchAction\",\"target\":{\"@type\":\"EntryPoint\",\"urlTemplate\":\"https:\/\/mania-wax.fr\/blog\/?s={search_term_string}\"},\"query-input\":{\"@type\":\"PropertyValueSpecification\",\"valueRequired\":true,\"valueName\":\"search_term_string\"}}],\"inLanguage\":\"fr-FR\"},{\"@type\":\"Organization\",\"@id\":\"https:\/\/mania-wax.fr\/blog\/#organization\",\"name\":\"Mania Wax\",\"alternateName\":\"Mania Wax\",\"url\":\"https:\/\/mania-wax.fr\/blog\/\",\"logo\":{\"@type\":\"ImageObject\",\"inLanguage\":\"fr-FR\",\"@id\":\"https:\/\/mania-wax.fr\/blog\/#\/schema\/logo\/image\/\",\"url\":\"https:\/\/mania-wax.fr\/blog\/wp-content\/uploads\/2026\/07\/logo-auto.png\",\"contentUrl\":\"https:\/\/mania-wax.fr\/blog\/wp-content\/uploads\/2026\/07\/logo-auto.png\",\"width\":1024,\"height\":1024,\"caption\":\"Mania Wax\"},\"image\":{\"@id\":\"https:\/\/mania-wax.fr\/blog\/#\/schema\/logo\/image\/\"}},{\"@type\":\"Person\",\"@id\":\"https:\/\/mania-wax.fr\/blog\/#\/schema\/person\/3c864cdc320801e3db34b663e7e3f816\",\"name\":\"Lina Mazzoni\",\"image\":{\"@type\":\"ImageObject\",\"inLanguage\":\"fr-FR\",\"@id\":\"https:\/\/mania-wax.fr\/blog\/#\/schema\/person\/image\/\",\"url\":\"https:\/\/mania-wax.fr\/blog\/wp-content\/uploads\/2026\/06\/persona_lina-m-96x96.jpg\",\"contentUrl\":\"https:\/\/mania-wax.fr\/blog\/wp-content\/uploads\/2026\/06\/persona_lina-m-96x96.jpg\",\"caption\":\"Lina Mazzoni\"},\"description\":\"La mode et la beaut\u00e9 m'accompagnent depuis toujours, et j'en ai fait mon m\u00e9tier d'\u00e9ditrice depuis une dizaine d'ann\u00e9es. J'\u00e9cris sur les tendances vestimentaires, la lingerie, les accessoires et les routines beaut\u00e9, avec l'envie d'aider chacune \u00e0 trouver son style plut\u00f4t qu'\u00e0 suivre aveugl\u00e9ment les diktats. J'aime d\u00e9crypter une silhouette, expliquer comment choisir une mati\u00e8re, une coupe ou un soin selon sa morphologie et sa peau, et d\u00e9m\u00ealer le vrai du marketing dans les produits beaut\u00e9. Avant de recommander une pi\u00e8ce ou un cosm\u00e9tique, je v\u00e9rifie la composition, la qualit\u00e9 et le rapport qualit\u00e9-prix, et je teste quand c'est possible. Je tiens \u00e0 un ton inclusif, loin des injonctions et des complexes. Mon angle : la mode comme plaisir et expression de soi, pas comme course \u00e9puisante aux nouveaut\u00e9s. Bien s'habiller, c'est d'abord se sentir bien.\",\"sameAs\":[\"https:\/\/linamazzoni.fr\/\"],\"url\":\"https:\/\/mania-wax.fr\/blog\/auteur\/noname\/\"}]}<\/script>\n<!-- \/ Yoast SEO Premium plugin. -->","yoast_head_json":{"title":"Essentiels Mode: Votre Dressing Fran\u00e7ais Pour Un \u00c9t\u00e9 Styl\u00e9","description":"Pr\u00e9parez votre dressing fran\u00e7ais pour l'\u00e9t\u00e9 : pi\u00e8ces essentielles, associations et conseils de style pour rester chic et \u00e0 l'aise.","robots":{"index":"index","follow":"follow","max-snippet":"max-snippet:-1","max-image-preview":"max-image-preview:large","max-video-preview":"max-video-preview:-1"},"canonical":"https:\/\/mania-wax.fr\/blog\/tendances-mode\/les-indispensables-du-dressing-francais-a-avoir-cet-ete\/","og_locale":"fr_FR","og_type":"article","og_title":"Essentiels Mode: Votre Dressing Fran\u00e7ais Pour Un \u00c9t\u00e9 Styl\u00e9","og_description":"Pr\u00e9parez votre dressing fran\u00e7ais pour l'\u00e9t\u00e9 : pi\u00e8ces essentielles, associations et conseils de style pour rester chic et \u00e0 l'aise.","og_url":"https:\/\/mania-wax.fr\/blog\/tendances-mode\/les-indispensables-du-dressing-francais-a-avoir-cet-ete\/","og_site_name":"mania-wax.","og_image":[{"width":1344,"height":768,"url":"https:\/\/mania-wax.fr\/blog\/wp-content\/uploads\/2024\/12\/Les-indispensables-du-dressing-francais-a-avoir-cet-ete-1.png","type":"image\/png"}],"author":"Lina Mazzoni","twitter_card":"summary_large_image","schema":{"@context":"https:\/\/schema.org","@graph":[{"@type":"NewsArticle","@id":"https:\/\/mania-wax.fr\/blog\/tendances-mode\/les-indispensables-du-dressing-francais-a-avoir-cet-ete\/#article","isPartOf":{"@id":"https:\/\/mania-wax.fr\/blog\/tendances-mode\/les-indispensables-du-dressing-francais-a-avoir-cet-ete\/"},"author":{"name":"Lina Mazzoni","@id":"https:\/\/mania-wax.fr\/blog\/#\/schema\/person\/3c864cdc320801e3db34b663e7e3f816"},"headline":"Les indispensables du dressing fran\u00e7ais \u00e0 avoir cet \u00e9t\u00e9","datePublished":"2024-12-18T06:31:45+00:00","mainEntityOfPage":{"@id":"https:\/\/mania-wax.fr\/blog\/tendances-mode\/les-indispensables-du-dressing-francais-a-avoir-cet-ete\/"},"wordCount":1286,"commentCount":0,"publisher":{"@id":"https:\/\/mania-wax.fr\/blog\/#organization"},"image":{"@id":"https:\/\/mania-wax.fr\/blog\/tendances-mode\/les-indispensables-du-dressing-francais-a-avoir-cet-ete\/#primaryimage"},"thumbnailUrl":"https:\/\/mania-wax.fr\/blog\/wp-content\/uploads\/2024\/12\/Les-indispensables-du-dressing-francais-a-avoir-cet-ete-1.png","articleSection":["Tendances Mode"],"inLanguage":"fr-FR","potentialAction":[{"@type":"CommentAction","name":"Comment","target":["https:\/\/mania-wax.fr\/blog\/tendances-mode\/les-indispensables-du-dressing-francais-a-avoir-cet-ete\/#respond"]}]},{"@type":"WebPage","@id":"https:\/\/mania-wax.fr\/blog\/tendances-mode\/les-indispensables-du-dressing-francais-a-avoir-cet-ete\/","url":"https:\/\/mania-wax.fr\/blog\/tendances-mode\/les-indispensables-du-dressing-francais-a-avoir-cet-ete\/","name":"Essentiels Mode: Votre Dressing Fran\u00e7ais Pour Un \u00c9t\u00e9 Styl\u00e9","isPartOf":{"@id":"https:\/\/mania-wax.fr\/blog\/#website"},"primaryImageOfPage":{"@id":"https:\/\/mania-wax.fr\/blog\/tendances-mode\/les-indispensables-du-dressing-francais-a-avoir-cet-ete\/#primaryimage"},"image":{"@id":"https:\/\/mania-wax.fr\/blog\/tendances-mode\/les-indispensables-du-dressing-francais-a-avoir-cet-ete\/#primaryimage"},"thumbnailUrl":"https:\/\/mania-wax.fr\/blog\/wp-content\/uploads\/2024\/12\/Les-indispensables-du-dressing-francais-a-avoir-cet-ete-1.png","datePublished":"2024-12-18T06:31:45+00:00","description":"Pr\u00e9parez votre dressing fran\u00e7ais pour l'\u00e9t\u00e9 : pi\u00e8ces essentielles, associations et conseils de style pour rester chic et \u00e0 l'aise.","inLanguage":"fr-FR","potentialAction":[{"@type":"ReadAction","target":["https:\/\/mania-wax.fr\/blog\/tendances-mode\/les-indispensables-du-dressing-francais-a-avoir-cet-ete\/"]}]},{"@type":"ImageObject","inLanguage":"fr-FR","@id":"https:\/\/mania-wax.fr\/blog\/tendances-mode\/les-indispensables-du-dressing-francais-a-avoir-cet-ete\/#primaryimage","url":"https:\/\/mania-wax.fr\/blog\/wp-content\/uploads\/2024\/12\/Les-indispensables-du-dressing-francais-a-avoir-cet-ete-1.png","contentUrl":"https:\/\/mania-wax.fr\/blog\/wp-content\/uploads\/2024\/12\/Les-indispensables-du-dressing-francais-a-avoir-cet-ete-1.png","width":1344,"height":768,"caption":"d\u00e9couvrez les indispensables du dressing fran\u00e7ais pour cet \u00e9t\u00e9 ! mode, \u00e9l\u00e9gance et tendances s'entrem\u00ealent pour vous aider \u00e0 composer des tenues parfaites. ne manquez pas les pi\u00e8ces cl\u00e9s \u00e0 avoir absolument dans votre garde-robe estivale."},{"@type":"WebSite","@id":"https:\/\/mania-wax.fr\/blog\/#website","url":"https:\/\/mania-wax.fr\/blog\/","name":"Mania Wax","description":"Mania Wax, la mode qui fait sensation","publisher":{"@id":"https:\/\/mania-wax.fr\/blog\/#organization"},"alternateName":"Mania Wax, la mode qui fait sensation","potentialAction":[{"@type":"SearchAction","target":{"@type":"EntryPoint","urlTemplate":"https:\/\/mania-wax.fr\/blog\/?s={search_term_string}"},"query-input":{"@type":"PropertyValueSpecification","valueRequired":true,"valueName":"search_term_string"}}],"inLanguage":"fr-FR"},{"@type":"Organization","@id":"https:\/\/mania-wax.fr\/blog\/#organization","name":"Mania Wax","alternateName":"Mania Wax","url":"https:\/\/mania-wax.fr\/blog\/","logo":{"@type":"ImageObject","inLanguage":"fr-FR","@id":"https:\/\/mania-wax.fr\/blog\/#\/schema\/logo\/image\/","url":"https:\/\/mania-wax.fr\/blog\/wp-content\/uploads\/2026\/07\/logo-auto.png","contentUrl":"https:\/\/mania-wax.fr\/blog\/wp-content\/uploads\/2026\/07\/logo-auto.png","width":1024,"height":1024,"caption":"Mania Wax"},"image":{"@id":"https:\/\/mania-wax.fr\/blog\/#\/schema\/logo\/image\/"}},{"@type":"Person","@id":"https:\/\/mania-wax.fr\/blog\/#\/schema\/person\/3c864cdc320801e3db34b663e7e3f816","name":"Lina Mazzoni","image":{"@type":"ImageObject","inLanguage":"fr-FR","@id":"https:\/\/mania-wax.fr\/blog\/#\/schema\/person\/image\/","url":"https:\/\/mania-wax.fr\/blog\/wp-content\/uploads\/2026\/06\/persona_lina-m-96x96.jpg","contentUrl":"https:\/\/mania-wax.fr\/blog\/wp-content\/uploads\/2026\/06\/persona_lina-m-96x96.jpg","caption":"Lina Mazzoni"},"description":"La mode et la beaut\u00e9 m'accompagnent depuis toujours, et j'en ai fait mon m\u00e9tier d'\u00e9ditrice depuis une dizaine d'ann\u00e9es. J'\u00e9cris sur les tendances vestimentaires, la lingerie, les accessoires et les routines beaut\u00e9, avec l'envie d'aider chacune \u00e0 trouver son style plut\u00f4t qu'\u00e0 suivre aveugl\u00e9ment les diktats. J'aime d\u00e9crypter une silhouette, expliquer comment choisir une mati\u00e8re, une coupe ou un soin selon sa morphologie et sa peau, et d\u00e9m\u00ealer le vrai du marketing dans les produits beaut\u00e9. Avant de recommander une pi\u00e8ce ou un cosm\u00e9tique, je v\u00e9rifie la composition, la qualit\u00e9 et le rapport qualit\u00e9-prix, et je teste quand c'est possible. Je tiens \u00e0 un ton inclusif, loin des injonctions et des complexes. Mon angle : la mode comme plaisir et expression de soi, pas comme course \u00e9puisante aux nouveaut\u00e9s. Bien s'habiller, c'est d'abord se sentir bien.","sameAs":["https:\/\/linamazzoni.fr\/"],"url":"https:\/\/mania-wax.fr\/blog\/auteur\/noname\/"}]}},"_links":{"self":[{"href":"https:\/\/mania-wax.fr\/blog\/wp-json\/wp\/v2\/posts\/7221","targetHints":{"allow":["GET"]}}],"collection":[{"href":"https:\/\/mania-wax.fr\/blog\/wp-json\/wp\/v2\/posts"}],"about":[{"href":"https:\/\/mania-wax.fr\/blog\/wp-json\/wp\/v2\/types\/post"}],"author":[{"embeddable":true,"href":"https:\/\/mania-wax.fr\/blog\/wp-json\/wp\/v2\/users\/34"}],"replies":[{"embeddable":true,"href":"https:\/\/mania-wax.fr\/blog\/wp-json\/wp\/v2\/comments?post=7221"}],"version-history":[{"count":0,"href":"https:\/\/mania-wax.fr\/blog\/wp-json\/wp\/v2\/posts\/7221\/revisions"}],"wp:featuredmedia":[{"embeddable":true,"href":"https:\/\/mania-wax.fr\/blog\/wp-json\/wp\/v2\/media\/7222"}],"wp:attachment":[{"href":"https:\/\/mania-wax.fr\/blog\/wp-json\/wp\/v2\/media?parent=7221"}],"wp:term":[{"taxonomy":"category","embeddable":true,"href":"https:\/\/mania-wax.fr\/blog\/wp-json\/wp\/v2\/categories?post=7221"},{"taxonomy":"post_tag","embeddable":true,"href":"https:\/\/mania-wax.fr\/blog\/wp-json\/wp\/v2\/tags?post=7221"}],"curies":[{"name":"wp","href":"https:\/\/api.w.org\/{rel}","templated":true}]}}