{"id":7236,"date":"2024-12-18T08:28:14","date_gmt":"2024-12-18T07:28:14","guid":{"rendered":"https:\/\/mania-wax.fr\/blog\/a-la-une\/guide-des-fashion-weeks-en-france-tout-ce-quil-faut-savoir\/"},"modified":"2024-12-18T08:28:14","modified_gmt":"2024-12-18T07:28:14","slug":"guide-des-fashion-weeks-en-france-tout-ce-quil-faut-savoir","status":"publish","type":"post","link":"https:\/\/mania-wax.fr\/blog\/tendances-mode\/guide-des-fashion-weeks-en-france-tout-ce-quil-faut-savoir\/","title":{"rendered":"Guide des fashion weeks en France : tout ce qu&rsquo;il faut savoir"},"content":{"rendered":"\n\n<p class=\"wp-block-paragraph\">La <strong>mode fran\u00e7aise<\/strong> est synonyme d&rsquo;\u00e9l\u00e9gance, de cr\u00e9ativit\u00e9 et d&rsquo;innovation. Depuis des si\u00e8cles, elle influence les tendances \u00e0 travers le monde et reste un pilier de l&rsquo;industrie du luxe. Dans cet article, nous allons explorer les marques qui font briller le <strong>savoir-faire<\/strong> fran\u00e7ais sur la sc\u00e8ne internationale. Que vous soyez passionn\u00e9 par la haute couture, la mode accessible ou les cr\u00e9ations audacieuses, chaque marque a sa propre histoire et son propre style \u00e0 offrir. Il est essentiel de conna\u00eetre ces maisons embl\u00e9matiques car elles repr\u00e9sentent non seulement un h\u00e9ritage culturel, mais aussi l&rsquo;avenir de la <strong>mode durable<\/strong> et responsable. Plongeons ensemble dans cet univers fascinant des marques incontournables qui fa\u00e7onnent la <strong>tendances<\/strong> actuelle et inspirent les g\u00e9n\u00e9rations \u00e0 venir.<\/p>\n\n\n\n<h2 class=\"wp-block-heading\">Chanel<\/h2>\n\n\n<p class=\"wp-block-paragraph\"><strong>Chanel<\/strong> est l&rsquo;une des marques les plus embl\u00e9matiques de la mode fran\u00e7aise, fond\u00e9e en 1910 par <strong>Gabrielle Bonheur \u00ab\u00a0Coco\u00a0\u00bb Chanel<\/strong>. Elle a r\u00e9volutionn\u00e9 la mode f\u00e9minine en introduisant des designs simples et \u00e9l\u00e9gants, privil\u00e9giant le confort et la fonctionnalit\u00e9. Le c\u00e9l\u00e8bre <strong>tailleur en tweed<\/strong> et le parfum <strong>Chanel No. 5<\/strong> sont devenus des symboles de luxe et d&rsquo;\u00e9mancipation f\u00e9minine. L&rsquo;impact de Chanel sur le monde de la mode transcende les d\u00e9cennies, perdurant par son influence sur les tendances contemporaines et son refus des conventions.<\/p>\n\n\n<h2 class=\"wp-block-heading\">Dior<\/h2>\n\n\n<p class=\"wp-block-paragraph\">Fond\u00e9e en 1946 par <strong>Christian Dior<\/strong>, la maison <strong>Dior<\/strong> a chang\u00e9 la perception du style f\u00e9minin apr\u00e8s la Seconde Guerre mondiale avec son c\u00e9l\u00e8bre <strong>New Look<\/strong>, caract\u00e9ris\u00e9 par une taille cintr\u00e9e et une jupe ample. Ce style a rapidement red\u00e9fini les normes de beaut\u00e9 et de mode de l&rsquo;\u00e9poque. Dior est reconnu pour son savoir-faire d&rsquo;exception, ses cr\u00e9ations hautes en couleur et son influence durable, notamment par le biais de lignes comme le <strong>pr\u00eat-\u00e0-porter<\/strong> et la <strong>haute couture<\/strong>. La maison a \u00e9galement marqu\u00e9 le monde par sa vision moderne du luxe.<\/p>\n\n\n<h2 class=\"wp-block-heading\">Louis Vuitton<\/h2>\n\n\n<p class=\"wp-block-paragraph\">Cr\u00e9\u00e9e en 1854 par <strong>Louis Vuitton<\/strong>, cette maison de luxe incarne l\u2019art de la <strong>maroquinerie<\/strong> et du voyage. Connue pour son <strong>sac embl\u00e9matique<\/strong> en toile monogramm\u00e9e, elle a su \u00e9voluer et s\u2019adapter aux tendances contemporaines. Louis Vuitton a non seulement \u00e9tabli des standards \u00e9lev\u00e9s en mati\u00e8re de qualit\u00e9 et de design, mais a \u00e9galement jou\u00e9 un r\u00f4le cl\u00e9 dans la transformation de la mode en un secteur global. L\u2019impact de cette marque se ressent aujourd&rsquo;hui dans le monde entier, tant par ses innovations que par son influence sur les cr\u00e9ateurs \u00e9mergents.<\/p>\n\n\n\n<p class=\"wp-block-paragraph\">La mode fran\u00e7aise, reconnue pour son <strong>savoir-faire<\/strong> artisanal et son <strong>\u00e9l\u00e9gance intemporelle<\/strong>, voit na\u00eetre de nouvelles marques qui font sensation sur la sc\u00e8ne internationale. Ces cr\u00e9ateurs innovants apportent une <strong>nouvelle perspective<\/strong> \u00e0 l\u2019industrie, m\u00ealant traditions et modernit\u00e9.<\/p>\n\n\n<h2 class=\"wp-block-heading\">1. MaisonCl\u00e9o<\/h2>\n\n\n<p class=\"wp-block-paragraph\">Fond\u00e9e par un duo m\u00e8re-fille, <strong>MaisonCl\u00e9o<\/strong> s&rsquo;est rapidement fait un nom gr\u00e2ce \u00e0 ses cr\u00e9ations artisanales et personnalis\u00e9es. L&rsquo;esth\u00e9tique de la marque se caract\u00e9rise par des pi\u00e8ces uniques, souvent confectionn\u00e9es \u00e0 partir de <strong>textiles d\u00e9nich\u00e9s<\/strong> dans des march\u00e9s locaux. Cette approche \u00e9co-responsable et authentique attire les consommateurs \u00e0 la recherche de <strong>mode durable<\/strong>.<\/p>\n\n\n<h2 class=\"wp-block-heading\">2. Les R\u00e9cup\u00e9rables<\/h2>\n\n\n<p class=\"wp-block-paragraph\"><strong>Les R\u00e9cup\u00e9rables<\/strong> se d\u00e9marquent par leur engagement envers la <strong>mode circulaire<\/strong>. En utilisant des mat\u00e9riaux recycl\u00e9s, cette marque cr\u00e9e des v\u00eatements qui allient style et responsabilit\u00e9. Son aesthetic se caract\u00e9rise par des coupes modernes et des imprim\u00e9s audacieux qui s\u00e9duisent une client\u00e8le jeune et soucieuse de l&rsquo;environnement.<\/p>\n\n\n<h2 class=\"wp-block-heading\">3. Paloma Wool<\/h2>\n\n\n<p class=\"wp-block-paragraph\">Avec une approche qui m\u00eale art et mode, <strong>Paloma Wool<\/strong> se distingue par ses designs minimalistes et ses collaborations avec des artistes. Chaque collection est une r\u00e9flexion sur l&rsquo;identit\u00e9 et l&rsquo;esth\u00e9tique contemporaine, int\u00e9grant des mati\u00e8res \u00e9thiques et des techniques artisanales pour cr\u00e9er des pi\u00e8ces \u00e0 la fois <strong>accessibles<\/strong> et <strong>uniques<\/strong>.<\/p>\n\n\n<h2 class=\"wp-block-heading\">4. Leva<\/h2>\n\n\n<p class=\"wp-block-paragraph\"><strong>Leva<\/strong> incarne la <strong>fluidit\u00e9<\/strong> des genres avec ses collections unisexes. En jouant avec des silhouettes simples mais audacieuses, la marque c\u00e9l\u00e8bre l&rsquo;individualit\u00e9 et la libert\u00e9 d&rsquo;expression. Sa philosophie : offrir une mode qui s&rsquo;adresse \u00e0 tous, avec une attention particuli\u00e8re port\u00e9e aux |<strong>mat\u00e9riaux durables<\/strong> et production locale.<\/p>\n\n\n<h2 class=\"wp-block-heading\">5. \u00c9ternel<\/h2>\n\n\n<p class=\"wp-block-paragraph\"><strong>\u00c9ternel<\/strong> pr\u00f4ne un style intemporel, en revisitant les basiques avec des touches modernes. Ses pi\u00e8ces sont con\u00e7ues pour \u00eatre port\u00e9es au quotidien, tout en mettant l&rsquo;accent sur le <strong>confort<\/strong> et l&rsquo;<strong>\u00e9l\u00e9gance<\/strong>. La marque se distingue \u00e9galement par son engagement \u00e0 r\u00e9duire son impact environnemental, utilisant des mati\u00e8res \u00e9co-responsables pour chaque cr\u00e9ation.<\/p>\n\n\n<p class=\"wp-block-paragraph\">Ces marques \u00e9mergentes illustrent avec brio la richesse et la diversit\u00e9 de la cr\u00e9ation fran\u00e7aise, tout en r\u00e9pondant aux enjeux contemporains de la mode. En s&rsquo;inscrivant dans des valeurs de <strong>sustainabilit\u00e9<\/strong> et d&rsquo;<strong>innovation<\/strong>, elles apportent une nouvelle \u00e9nergie sur la sc\u00e8ne internationale, red\u00e9finissant ainsi les codes de la mode.<\/p>\n\n\n\n<p class=\"wp-block-paragraph\">La <strong>mode fran\u00e7aise<\/strong> est non seulement une industrie, mais un v\u00e9ritable symbole de <strong>culture<\/strong> et d&rsquo;<strong>art<\/strong>. Elle incarne un savoir-faire in\u00e9gal\u00e9 qui a su traverser les si\u00e8cles, fa\u00e7onnant ainsi les tendances du monde entier. Plusieurs facteurs contribuent \u00e0 cette reconnaissance mondiale.<\/p>\n\n\n<h2 class=\"wp-block-heading\">Un H\u00e9ritage Riche<\/h2>\n\n\n<p class=\"wp-block-paragraph\">L&rsquo;un des principaux atouts de la mode fran\u00e7aise r\u00e9side dans son <strong>h\u00e9ritage<\/strong> prestigieux. Des maisons de couture embl\u00e9matiques, telles que Chanel, Dior et Givenchy, ont cultiv\u00e9 un art raffin\u00e9 et une <strong>innovation<\/strong> constante. Ces marques ont non seulement \u00e9tabli des standards de qualit\u00e9, mais ont \u00e9galement d\u00e9fini des styles qui sont devenus des r\u00e9f\u00e9rences intemporelles.<\/p>\n\n\n<h2 class=\"wp-block-heading\">La Culture comme Inspiration<\/h2>\n\n\n<p class=\"wp-block-paragraph\">La <strong>culture<\/strong> fran\u00e7aise joue un r\u00f4le majeur dans la cr\u00e9ation de collections uniques. L&rsquo;influence des artistes, des \u00e9crivains et des cin\u00e9astes nourrissent les designers, qui cherchent \u00e0 capturer l&rsquo;essence m\u00eame de la vie fran\u00e7aise. Le mouvement artistique du <strong>surr\u00e9alisme<\/strong>, par exemple, a inspir\u00e9 de nombreuses collections qui allient r\u00eave et r\u00e9alit\u00e9, transformant la mode en une forme d&rsquo;<strong>art<\/strong>.<\/p>\n\n\n<h2 class=\"wp-block-heading\">Un \u00c9picentre de la Cr\u00e9ativit\u00e9<\/h2>\n\n\n<p class=\"wp-block-paragraph\">Paris, souvent consid\u00e9r\u00e9e comme la <strong>capitale de la mode<\/strong>, est le th\u00e9\u00e2tre de la <strong>Fashion Week<\/strong> la plus influente au monde. Cet \u00e9v\u00e9nement attire des cr\u00e9ateurs, des c\u00e9l\u00e9brit\u00e9s et des passionn\u00e9s de mode, propulsant les derni\u00e8res tendances et red\u00e9finissant ce qui est consid\u00e9r\u00e9 comme \u00e9l\u00e9gant. La <strong>diversit\u00e9<\/strong> des styles et des influences pr\u00e9sentes \u00e0 Paris t\u00e9moigne de la richesse de cette culture.<\/p>\n\n\n<h2 class=\"wp-block-heading\">Le Savoir-Faire Artisan<\/h2>\n\n\n<p class=\"wp-block-paragraph\">Les ateliers de couture en France pr\u00e9servent un <strong>savoir-faire<\/strong> exceptionnel, utilisant des techniques de fabrication ancestrales. Ce respect pour la tradition, combin\u00e9 \u00e0 une volont\u00e9 d&rsquo;innovation, cr\u00e9e des pi\u00e8ces qui ne sont pas seulement des v\u00eatements, mais de v\u00e9ritables \u0153uvres d&rsquo;art portables.<\/p>\n\n\n<h2 class=\"wp-block-heading\">Un Symbolisme de Sophistication<\/h2>\n\n\n<p class=\"wp-block-paragraph\">Enfin, la mode fran\u00e7aise v\u00e9hicule une image de <strong>sophistication<\/strong> et d&rsquo;<strong>\u00e9l\u00e9gance<\/strong> qui s\u00e9duit et inspire \u00e0 travers le globe. Le style parisien, caract\u00e9ris\u00e9 par sa recherche d&rsquo;une <strong>aisance<\/strong> et d&rsquo;une <strong>authenticit\u00e9<\/strong>, incarne un id\u00e9al de beaut\u00e9 qui continue de fasciner et d&rsquo;aspirer des g\u00e9n\u00e9rations enti\u00e8res.<\/p>\n\n\n<figure class='wp-block-image size-full'>\n<img width=\"1344\" height=\"768\" src=\"https:\/\/mania-wax.fr\/blog\/wp-content\/uploads\/2024\/12\/Guide-des-fashion-weeks-en-France-tout-ce-quil-faut-savoir.png\" class=\"attachment-full size-full\" alt=\"d\u00e9couvrez notre guide complet des fashion weeks en france ! informez-vous sur les dates, les cr\u00e9ateurs incontournables, les tendances \u00e0 venir et tout ce qu&#039;il faut savoir pour ne rien manquer de cet \u00e9v\u00e9nement prestigieux de la mode.\" decoding=\"async\" loading=\"lazy\" \/>\n<\/figure>\n\n\n\n<p class=\"wp-block-paragraph\">La <strong>mode fran\u00e7aise<\/strong> est un v\u00e9ritable symbole d&rsquo;\u00e9l\u00e9gance et d&rsquo;innovation dans le monde entier. Les marques pr\u00e9sent\u00e9es ici, allant de <strong>Chanel<\/strong> \u00e0 <strong>Dior<\/strong>, en passant par <strong>Saint Laurent<\/strong> et <strong>Balenciaga<\/strong>, incarnent l&rsquo;esprit du raffinement et de la cr\u00e9ativit\u00e9. Chacune d&rsquo;elles se distingue par son <strong>h\u00e9ritage<\/strong>, son <strong>innovation<\/strong> et sa capacit\u00e9 \u00e0 influencer les <strong>tendances<\/strong> contemporaines.<\/p>\n\n\n<p class=\"wp-block-paragraph\">Ces marques, tout en honorant leur <strong>tradition<\/strong>, n&rsquo;h\u00e9sitent pas \u00e0 s&rsquo;adapter aux nouvelles attentes des consommateurs. L&rsquo;\u00e9mergence de la <strong>durabilit\u00e9<\/strong> et des pratiques \u00e9thiques au sein de l&rsquo;industrie de la mode marque un tournant d\u00e9cisif. Les marques fran\u00e7aises s&rsquo;engagent de plus en plus vers une mode responsable, int\u00e9grant des mat\u00e9riaux \u00e9cologiques tout en se concentrant sur la <strong>transparence<\/strong> de leur cha\u00eene de production.<\/p>\n\n\n<p class=\"wp-block-paragraph\">La <strong>fashion week<\/strong> fran\u00e7aise reste un \u00e9v\u00e9nement incontournable qui attire l&rsquo;attention du monde entier. C&rsquo;est l\u00e0 que les cr\u00e9ateurs pr\u00e9sentent leurs derni\u00e8res collections, captivant un public \u00e0 l&rsquo;aff\u00fbt des nouveaut\u00e9s et des innovations. Le <strong>streetwear<\/strong> et le luxe continuent \u00e0 se croiser, t\u00e9moignant d&rsquo;une \u00e9volution des styles et des influences.<\/p>\n\n\n<p class=\"wp-block-paragraph\">Au regard de l&rsquo;avenir, il sera int\u00e9ressant de voir comment ces marques continueront \u00e0 \u00e9voluer dans un paysage de la mode de plus en plus concurrentiel et digitalis\u00e9. Le d\u00e9fi pour les marques fran\u00e7aises sera de rester \u00e0 la pointe des <strong>tendances<\/strong>, tout en maintenant les valeurs qui ont fait leur r\u00e9putation. La capacit\u00e9 d&rsquo;innovation, associ\u00e9e \u00e0 un <strong>savoir-faire<\/strong> in\u00e9gal\u00e9, est la cl\u00e9 de leur succ\u00e8s futur sur le march\u00e9 mondial.<\/p>\n\n\n<figure class=\"wp-block-embed is-type-video is-provider-youtube wp-block-embed-youtube wp-embed-aspect-16-9 wp-has-aspect-ratio\">\n<div class=\"wp-block-embed__wrapper\">\n<iframe loading=\"lazy\" title=\"Paris Fashion Week: &quot;Un conseil mode au vous d\u2019avant ?&quot;\" width=\"1200\" height=\"675\" src=\"https:\/\/www.youtube.com\/embed\/iBE_rHCMtfA?feature=oembed\" frameborder=\"0\" allow=\"accelerometer; autoplay; clipboard-write; encrypted-media; gyroscope; picture-in-picture; web-share\" referrerpolicy=\"strict-origin-when-cross-origin\" allowfullscreen><\/iframe>\n<\/div>\n<\/figure>\n","protected":false},"excerpt":{"rendered":"","protected":false},"author":34,"featured_media":7237,"comment_status":"open","ping_status":"open","sticky":false,"template":"","format":"standard","meta":{"_acf_changed":false,"manual_indexmenow":false,"indexmenow_id_project":0,"footnotes":""},"categories":[4520],"tags":[],"class_list":["post-7236","post","type-post","status-publish","format-standard","has-post-thumbnail","hentry","category-tendances-mode","generate-columns","tablet-grid-50","mobile-grid-100","grid-parent","grid-25"],"acf":[],"yoast_head":"<!-- This site is optimized with the Yoast SEO Premium plugin v21.3 (Yoast SEO v26.5) - https:\/\/yoast.com\/wordpress\/plugins\/seo\/ -->\n<title>Fashion Weeks en France : L&#039;essentiel \u00e0 Ne Pas Manquer<\/title>\n<meta name=\"description\" content=\"Fashion Weeks en France : maisons, d\u00e9fil\u00e9s et temps forts \u00e0 ne pas manquer pour suivre les tendances et l&#039;actualit\u00e9 de la mode de luxe.\" \/>\n<meta name=\"robots\" content=\"index, follow, max-snippet:-1, max-image-preview:large, max-video-preview:-1\" \/>\n<link rel=\"canonical\" href=\"https:\/\/mania-wax.fr\/blog\/tendances-mode\/guide-des-fashion-weeks-en-france-tout-ce-quil-faut-savoir\/\" \/>\n<meta property=\"og:locale\" content=\"fr_FR\" \/>\n<meta property=\"og:type\" content=\"article\" \/>\n<meta property=\"og:title\" content=\"Fashion Weeks en France : L&#039;essentiel \u00e0 Ne Pas Manquer\" \/>\n<meta property=\"og:description\" content=\"Fashion Weeks en France : maisons, d\u00e9fil\u00e9s et temps forts \u00e0 ne pas manquer pour suivre les tendances et l&#039;actualit\u00e9 de la mode de luxe.\" \/>\n<meta property=\"og:url\" content=\"https:\/\/mania-wax.fr\/blog\/tendances-mode\/guide-des-fashion-weeks-en-france-tout-ce-quil-faut-savoir\/\" \/>\n<meta property=\"og:site_name\" content=\"mania-wax.\" \/>\n<meta property=\"og:image\" content=\"https:\/\/mania-wax.fr\/blog\/wp-content\/uploads\/2024\/12\/Guide-des-fashion-weeks-en-France-tout-ce-quil-faut-savoir-1.png\" \/>\n\t<meta property=\"og:image:width\" content=\"1344\" \/>\n\t<meta property=\"og:image:height\" content=\"768\" \/>\n\t<meta property=\"og:image:type\" content=\"image\/png\" \/>\n<meta name=\"author\" content=\"Lina Mazzoni\" \/>\n<meta name=\"twitter:card\" content=\"summary_large_image\" \/>\n<script type=\"application\/ld+json\" class=\"yoast-schema-graph\">{\"@context\":\"https:\/\/schema.org\",\"@graph\":[{\"@type\":\"NewsArticle\",\"@id\":\"https:\/\/mania-wax.fr\/blog\/tendances-mode\/guide-des-fashion-weeks-en-france-tout-ce-quil-faut-savoir\/#article\",\"isPartOf\":{\"@id\":\"https:\/\/mania-wax.fr\/blog\/tendances-mode\/guide-des-fashion-weeks-en-france-tout-ce-quil-faut-savoir\/\"},\"author\":{\"name\":\"Lina Mazzoni\",\"@id\":\"https:\/\/mania-wax.fr\/blog\/#\/schema\/person\/3c864cdc320801e3db34b663e7e3f816\"},\"headline\":\"Guide des fashion weeks en France : tout ce qu&rsquo;il faut savoir\",\"datePublished\":\"2024-12-18T07:28:14+00:00\",\"mainEntityOfPage\":{\"@id\":\"https:\/\/mania-wax.fr\/blog\/tendances-mode\/guide-des-fashion-weeks-en-france-tout-ce-quil-faut-savoir\/\"},\"wordCount\":1516,\"commentCount\":0,\"publisher\":{\"@id\":\"https:\/\/mania-wax.fr\/blog\/#organization\"},\"image\":{\"@id\":\"https:\/\/mania-wax.fr\/blog\/tendances-mode\/guide-des-fashion-weeks-en-france-tout-ce-quil-faut-savoir\/#primaryimage\"},\"thumbnailUrl\":\"https:\/\/mania-wax.fr\/blog\/wp-content\/uploads\/2024\/12\/Guide-des-fashion-weeks-en-France-tout-ce-quil-faut-savoir-1.png\",\"articleSection\":[\"Tendances Mode\"],\"inLanguage\":\"fr-FR\",\"potentialAction\":[{\"@type\":\"CommentAction\",\"name\":\"Comment\",\"target\":[\"https:\/\/mania-wax.fr\/blog\/tendances-mode\/guide-des-fashion-weeks-en-france-tout-ce-quil-faut-savoir\/#respond\"]}]},{\"@type\":\"WebPage\",\"@id\":\"https:\/\/mania-wax.fr\/blog\/tendances-mode\/guide-des-fashion-weeks-en-france-tout-ce-quil-faut-savoir\/\",\"url\":\"https:\/\/mania-wax.fr\/blog\/tendances-mode\/guide-des-fashion-weeks-en-france-tout-ce-quil-faut-savoir\/\",\"name\":\"Fashion Weeks en France : L'essentiel \u00e0 Ne Pas Manquer\",\"isPartOf\":{\"@id\":\"https:\/\/mania-wax.fr\/blog\/#website\"},\"primaryImageOfPage\":{\"@id\":\"https:\/\/mania-wax.fr\/blog\/tendances-mode\/guide-des-fashion-weeks-en-france-tout-ce-quil-faut-savoir\/#primaryimage\"},\"image\":{\"@id\":\"https:\/\/mania-wax.fr\/blog\/tendances-mode\/guide-des-fashion-weeks-en-france-tout-ce-quil-faut-savoir\/#primaryimage\"},\"thumbnailUrl\":\"https:\/\/mania-wax.fr\/blog\/wp-content\/uploads\/2024\/12\/Guide-des-fashion-weeks-en-France-tout-ce-quil-faut-savoir-1.png\",\"datePublished\":\"2024-12-18T07:28:14+00:00\",\"description\":\"Fashion Weeks en France : maisons, d\u00e9fil\u00e9s et temps forts \u00e0 ne pas manquer pour suivre les tendances et l'actualit\u00e9 de la mode de luxe.\",\"inLanguage\":\"fr-FR\",\"potentialAction\":[{\"@type\":\"ReadAction\",\"target\":[\"https:\/\/mania-wax.fr\/blog\/tendances-mode\/guide-des-fashion-weeks-en-france-tout-ce-quil-faut-savoir\/\"]}]},{\"@type\":\"ImageObject\",\"inLanguage\":\"fr-FR\",\"@id\":\"https:\/\/mania-wax.fr\/blog\/tendances-mode\/guide-des-fashion-weeks-en-france-tout-ce-quil-faut-savoir\/#primaryimage\",\"url\":\"https:\/\/mania-wax.fr\/blog\/wp-content\/uploads\/2024\/12\/Guide-des-fashion-weeks-en-France-tout-ce-quil-faut-savoir-1.png\",\"contentUrl\":\"https:\/\/mania-wax.fr\/blog\/wp-content\/uploads\/2024\/12\/Guide-des-fashion-weeks-en-France-tout-ce-quil-faut-savoir-1.png\",\"width\":1344,\"height\":768,\"caption\":\"d\u00e9couvrez notre guide complet des fashion weeks en france, o\u00f9 vous trouverez toutes les informations essentielles pour naviguer dans cet univers fascinant de la mode. dates, lieux, cr\u00e9ateurs incontournables et conseils pratiques, pr\u00e9parez-vous \u00e0 plonger dans l'effervescence des d\u00e9fil\u00e9s et \u00e0 ne rien manquer des \u00e9v\u00e9nements cl\u00e9s de l'industrie.\"},{\"@type\":\"WebSite\",\"@id\":\"https:\/\/mania-wax.fr\/blog\/#website\",\"url\":\"https:\/\/mania-wax.fr\/blog\/\",\"name\":\"Mania Wax\",\"description\":\"Mania Wax, la mode qui fait sensation\",\"publisher\":{\"@id\":\"https:\/\/mania-wax.fr\/blog\/#organization\"},\"alternateName\":\"Mania Wax, la mode qui fait sensation\",\"potentialAction\":[{\"@type\":\"SearchAction\",\"target\":{\"@type\":\"EntryPoint\",\"urlTemplate\":\"https:\/\/mania-wax.fr\/blog\/?s={search_term_string}\"},\"query-input\":{\"@type\":\"PropertyValueSpecification\",\"valueRequired\":true,\"valueName\":\"search_term_string\"}}],\"inLanguage\":\"fr-FR\"},{\"@type\":\"Organization\",\"@id\":\"https:\/\/mania-wax.fr\/blog\/#organization\",\"name\":\"Mania Wax\",\"alternateName\":\"Mania Wax\",\"url\":\"https:\/\/mania-wax.fr\/blog\/\",\"logo\":{\"@type\":\"ImageObject\",\"inLanguage\":\"fr-FR\",\"@id\":\"https:\/\/mania-wax.fr\/blog\/#\/schema\/logo\/image\/\",\"url\":\"https:\/\/mania-wax.fr\/blog\/wp-content\/uploads\/2026\/07\/logo-auto.png\",\"contentUrl\":\"https:\/\/mania-wax.fr\/blog\/wp-content\/uploads\/2026\/07\/logo-auto.png\",\"width\":1024,\"height\":1024,\"caption\":\"Mania Wax\"},\"image\":{\"@id\":\"https:\/\/mania-wax.fr\/blog\/#\/schema\/logo\/image\/\"}},{\"@type\":\"Person\",\"@id\":\"https:\/\/mania-wax.fr\/blog\/#\/schema\/person\/3c864cdc320801e3db34b663e7e3f816\",\"name\":\"Lina Mazzoni\",\"image\":{\"@type\":\"ImageObject\",\"inLanguage\":\"fr-FR\",\"@id\":\"https:\/\/mania-wax.fr\/blog\/#\/schema\/person\/image\/\",\"url\":\"https:\/\/mania-wax.fr\/blog\/wp-content\/uploads\/2026\/06\/persona_lina-m-96x96.jpg\",\"contentUrl\":\"https:\/\/mania-wax.fr\/blog\/wp-content\/uploads\/2026\/06\/persona_lina-m-96x96.jpg\",\"caption\":\"Lina Mazzoni\"},\"description\":\"La mode et la beaut\u00e9 m'accompagnent depuis toujours, et j'en ai fait mon m\u00e9tier d'\u00e9ditrice depuis une dizaine d'ann\u00e9es. J'\u00e9cris sur les tendances vestimentaires, la lingerie, les accessoires et les routines beaut\u00e9, avec l'envie d'aider chacune \u00e0 trouver son style plut\u00f4t qu'\u00e0 suivre aveugl\u00e9ment les diktats. J'aime d\u00e9crypter une silhouette, expliquer comment choisir une mati\u00e8re, une coupe ou un soin selon sa morphologie et sa peau, et d\u00e9m\u00ealer le vrai du marketing dans les produits beaut\u00e9. Avant de recommander une pi\u00e8ce ou un cosm\u00e9tique, je v\u00e9rifie la composition, la qualit\u00e9 et le rapport qualit\u00e9-prix, et je teste quand c'est possible. Je tiens \u00e0 un ton inclusif, loin des injonctions et des complexes. Mon angle : la mode comme plaisir et expression de soi, pas comme course \u00e9puisante aux nouveaut\u00e9s. Bien s'habiller, c'est d'abord se sentir bien.\",\"sameAs\":[\"https:\/\/linamazzoni.fr\/\"],\"url\":\"https:\/\/mania-wax.fr\/blog\/auteur\/noname\/\"}]}<\/script>\n<!-- \/ Yoast SEO Premium plugin. -->","yoast_head_json":{"title":"Fashion Weeks en France : L'essentiel \u00e0 Ne Pas Manquer","description":"Fashion Weeks en France : maisons, d\u00e9fil\u00e9s et temps forts \u00e0 ne pas manquer pour suivre les tendances et l'actualit\u00e9 de la mode de luxe.","robots":{"index":"index","follow":"follow","max-snippet":"max-snippet:-1","max-image-preview":"max-image-preview:large","max-video-preview":"max-video-preview:-1"},"canonical":"https:\/\/mania-wax.fr\/blog\/tendances-mode\/guide-des-fashion-weeks-en-france-tout-ce-quil-faut-savoir\/","og_locale":"fr_FR","og_type":"article","og_title":"Fashion Weeks en France : L'essentiel \u00e0 Ne Pas Manquer","og_description":"Fashion Weeks en France : maisons, d\u00e9fil\u00e9s et temps forts \u00e0 ne pas manquer pour suivre les tendances et l'actualit\u00e9 de la mode de luxe.","og_url":"https:\/\/mania-wax.fr\/blog\/tendances-mode\/guide-des-fashion-weeks-en-france-tout-ce-quil-faut-savoir\/","og_site_name":"mania-wax.","og_image":[{"width":1344,"height":768,"url":"https:\/\/mania-wax.fr\/blog\/wp-content\/uploads\/2024\/12\/Guide-des-fashion-weeks-en-France-tout-ce-quil-faut-savoir-1.png","type":"image\/png"}],"author":"Lina Mazzoni","twitter_card":"summary_large_image","schema":{"@context":"https:\/\/schema.org","@graph":[{"@type":"NewsArticle","@id":"https:\/\/mania-wax.fr\/blog\/tendances-mode\/guide-des-fashion-weeks-en-france-tout-ce-quil-faut-savoir\/#article","isPartOf":{"@id":"https:\/\/mania-wax.fr\/blog\/tendances-mode\/guide-des-fashion-weeks-en-france-tout-ce-quil-faut-savoir\/"},"author":{"name":"Lina Mazzoni","@id":"https:\/\/mania-wax.fr\/blog\/#\/schema\/person\/3c864cdc320801e3db34b663e7e3f816"},"headline":"Guide des fashion weeks en France : tout ce qu&rsquo;il faut savoir","datePublished":"2024-12-18T07:28:14+00:00","mainEntityOfPage":{"@id":"https:\/\/mania-wax.fr\/blog\/tendances-mode\/guide-des-fashion-weeks-en-france-tout-ce-quil-faut-savoir\/"},"wordCount":1516,"commentCount":0,"publisher":{"@id":"https:\/\/mania-wax.fr\/blog\/#organization"},"image":{"@id":"https:\/\/mania-wax.fr\/blog\/tendances-mode\/guide-des-fashion-weeks-en-france-tout-ce-quil-faut-savoir\/#primaryimage"},"thumbnailUrl":"https:\/\/mania-wax.fr\/blog\/wp-content\/uploads\/2024\/12\/Guide-des-fashion-weeks-en-France-tout-ce-quil-faut-savoir-1.png","articleSection":["Tendances Mode"],"inLanguage":"fr-FR","potentialAction":[{"@type":"CommentAction","name":"Comment","target":["https:\/\/mania-wax.fr\/blog\/tendances-mode\/guide-des-fashion-weeks-en-france-tout-ce-quil-faut-savoir\/#respond"]}]},{"@type":"WebPage","@id":"https:\/\/mania-wax.fr\/blog\/tendances-mode\/guide-des-fashion-weeks-en-france-tout-ce-quil-faut-savoir\/","url":"https:\/\/mania-wax.fr\/blog\/tendances-mode\/guide-des-fashion-weeks-en-france-tout-ce-quil-faut-savoir\/","name":"Fashion Weeks en France : L'essentiel \u00e0 Ne Pas Manquer","isPartOf":{"@id":"https:\/\/mania-wax.fr\/blog\/#website"},"primaryImageOfPage":{"@id":"https:\/\/mania-wax.fr\/blog\/tendances-mode\/guide-des-fashion-weeks-en-france-tout-ce-quil-faut-savoir\/#primaryimage"},"image":{"@id":"https:\/\/mania-wax.fr\/blog\/tendances-mode\/guide-des-fashion-weeks-en-france-tout-ce-quil-faut-savoir\/#primaryimage"},"thumbnailUrl":"https:\/\/mania-wax.fr\/blog\/wp-content\/uploads\/2024\/12\/Guide-des-fashion-weeks-en-France-tout-ce-quil-faut-savoir-1.png","datePublished":"2024-12-18T07:28:14+00:00","description":"Fashion Weeks en France : maisons, d\u00e9fil\u00e9s et temps forts \u00e0 ne pas manquer pour suivre les tendances et l'actualit\u00e9 de la mode de luxe.","inLanguage":"fr-FR","potentialAction":[{"@type":"ReadAction","target":["https:\/\/mania-wax.fr\/blog\/tendances-mode\/guide-des-fashion-weeks-en-france-tout-ce-quil-faut-savoir\/"]}]},{"@type":"ImageObject","inLanguage":"fr-FR","@id":"https:\/\/mania-wax.fr\/blog\/tendances-mode\/guide-des-fashion-weeks-en-france-tout-ce-quil-faut-savoir\/#primaryimage","url":"https:\/\/mania-wax.fr\/blog\/wp-content\/uploads\/2024\/12\/Guide-des-fashion-weeks-en-France-tout-ce-quil-faut-savoir-1.png","contentUrl":"https:\/\/mania-wax.fr\/blog\/wp-content\/uploads\/2024\/12\/Guide-des-fashion-weeks-en-France-tout-ce-quil-faut-savoir-1.png","width":1344,"height":768,"caption":"d\u00e9couvrez notre guide complet des fashion weeks en france, o\u00f9 vous trouverez toutes les informations essentielles pour naviguer dans cet univers fascinant de la mode. dates, lieux, cr\u00e9ateurs incontournables et conseils pratiques, pr\u00e9parez-vous \u00e0 plonger dans l'effervescence des d\u00e9fil\u00e9s et \u00e0 ne rien manquer des \u00e9v\u00e9nements cl\u00e9s de l'industrie."},{"@type":"WebSite","@id":"https:\/\/mania-wax.fr\/blog\/#website","url":"https:\/\/mania-wax.fr\/blog\/","name":"Mania Wax","description":"Mania Wax, la mode qui fait sensation","publisher":{"@id":"https:\/\/mania-wax.fr\/blog\/#organization"},"alternateName":"Mania Wax, la mode qui fait sensation","potentialAction":[{"@type":"SearchAction","target":{"@type":"EntryPoint","urlTemplate":"https:\/\/mania-wax.fr\/blog\/?s={search_term_string}"},"query-input":{"@type":"PropertyValueSpecification","valueRequired":true,"valueName":"search_term_string"}}],"inLanguage":"fr-FR"},{"@type":"Organization","@id":"https:\/\/mania-wax.fr\/blog\/#organization","name":"Mania Wax","alternateName":"Mania Wax","url":"https:\/\/mania-wax.fr\/blog\/","logo":{"@type":"ImageObject","inLanguage":"fr-FR","@id":"https:\/\/mania-wax.fr\/blog\/#\/schema\/logo\/image\/","url":"https:\/\/mania-wax.fr\/blog\/wp-content\/uploads\/2026\/07\/logo-auto.png","contentUrl":"https:\/\/mania-wax.fr\/blog\/wp-content\/uploads\/2026\/07\/logo-auto.png","width":1024,"height":1024,"caption":"Mania Wax"},"image":{"@id":"https:\/\/mania-wax.fr\/blog\/#\/schema\/logo\/image\/"}},{"@type":"Person","@id":"https:\/\/mania-wax.fr\/blog\/#\/schema\/person\/3c864cdc320801e3db34b663e7e3f816","name":"Lina Mazzoni","image":{"@type":"ImageObject","inLanguage":"fr-FR","@id":"https:\/\/mania-wax.fr\/blog\/#\/schema\/person\/image\/","url":"https:\/\/mania-wax.fr\/blog\/wp-content\/uploads\/2026\/06\/persona_lina-m-96x96.jpg","contentUrl":"https:\/\/mania-wax.fr\/blog\/wp-content\/uploads\/2026\/06\/persona_lina-m-96x96.jpg","caption":"Lina Mazzoni"},"description":"La mode et la beaut\u00e9 m'accompagnent depuis toujours, et j'en ai fait mon m\u00e9tier d'\u00e9ditrice depuis une dizaine d'ann\u00e9es. J'\u00e9cris sur les tendances vestimentaires, la lingerie, les accessoires et les routines beaut\u00e9, avec l'envie d'aider chacune \u00e0 trouver son style plut\u00f4t qu'\u00e0 suivre aveugl\u00e9ment les diktats. J'aime d\u00e9crypter une silhouette, expliquer comment choisir une mati\u00e8re, une coupe ou un soin selon sa morphologie et sa peau, et d\u00e9m\u00ealer le vrai du marketing dans les produits beaut\u00e9. Avant de recommander une pi\u00e8ce ou un cosm\u00e9tique, je v\u00e9rifie la composition, la qualit\u00e9 et le rapport qualit\u00e9-prix, et je teste quand c'est possible. Je tiens \u00e0 un ton inclusif, loin des injonctions et des complexes. Mon angle : la mode comme plaisir et expression de soi, pas comme course \u00e9puisante aux nouveaut\u00e9s. Bien s'habiller, c'est d'abord se sentir bien.","sameAs":["https:\/\/linamazzoni.fr\/"],"url":"https:\/\/mania-wax.fr\/blog\/auteur\/noname\/"}]}},"_links":{"self":[{"href":"https:\/\/mania-wax.fr\/blog\/wp-json\/wp\/v2\/posts\/7236","targetHints":{"allow":["GET"]}}],"collection":[{"href":"https:\/\/mania-wax.fr\/blog\/wp-json\/wp\/v2\/posts"}],"about":[{"href":"https:\/\/mania-wax.fr\/blog\/wp-json\/wp\/v2\/types\/post"}],"author":[{"embeddable":true,"href":"https:\/\/mania-wax.fr\/blog\/wp-json\/wp\/v2\/users\/34"}],"replies":[{"embeddable":true,"href":"https:\/\/mania-wax.fr\/blog\/wp-json\/wp\/v2\/comments?post=7236"}],"version-history":[{"count":0,"href":"https:\/\/mania-wax.fr\/blog\/wp-json\/wp\/v2\/posts\/7236\/revisions"}],"wp:featuredmedia":[{"embeddable":true,"href":"https:\/\/mania-wax.fr\/blog\/wp-json\/wp\/v2\/media\/7237"}],"wp:attachment":[{"href":"https:\/\/mania-wax.fr\/blog\/wp-json\/wp\/v2\/media?parent=7236"}],"wp:term":[{"taxonomy":"category","embeddable":true,"href":"https:\/\/mania-wax.fr\/blog\/wp-json\/wp\/v2\/categories?post=7236"},{"taxonomy":"post_tag","embeddable":true,"href":"https:\/\/mania-wax.fr\/blog\/wp-json\/wp\/v2\/tags?post=7236"}],"curies":[{"name":"wp","href":"https:\/\/api.w.org\/{rel}","templated":true}]}}