{"id":7239,"date":"2024-12-18T08:28:39","date_gmt":"2024-12-18T07:28:39","guid":{"rendered":"https:\/\/mania-wax.fr\/blog\/a-la-une\/comment-recycler-ses-vetements-la-mode-ethique-en-france\/"},"modified":"2024-12-18T08:28:39","modified_gmt":"2024-12-18T07:28:39","slug":"comment-recycler-ses-vetements-la-mode-ethique-en-france","status":"publish","type":"post","link":"https:\/\/mania-wax.fr\/blog\/tendances-mode\/comment-recycler-ses-vetements-la-mode-ethique-en-france\/","title":{"rendered":"Comment recycler ses v\u00eatements : la mode \u00e9thique en France"},"content":{"rendered":"\n\n<p class=\"wp-block-paragraph\">Dans un monde o\u00f9 la surconsommation est devenue monnaie courante, il est crucial de repenser notre relation avec la mode. <strong>Recycler ses v\u00eatements<\/strong> n&rsquo;est pas seulement un acte de bon sens, c&rsquo;est une v\u00e9ritable n\u00e9cessit\u00e9 pour pr\u00e9server notre plan\u00e8te. La <strong mode> prend ainsi tout son sens : elle nous invite \u00e0 r\u00e9fl\u00e9chir sur la mani\u00e8re dont nous consommons et \u00e0 agir de mani\u00e8re responsable pour un avenir durable. En France, le mouvement du recyclage textile prend de l&rsquo;ampleur et offre des solutions innovantes pour donner une seconde vie \u00e0 nos garde-robes. Dans cet article, nous explorerons non seulement l&rsquo;importance de cette pratique, mais aussi des m\u00e9thodes concr\u00e8tes pour int\u00e9grer le recyclage de v\u00eatements dans notre quotidien. Adopter une mode \u00e9thique est possible et, ensemble, nous pouvons faire la diff\u00e9rence !<\/strong><\/p>\n\n\n\n<h2 class=\"wp-block-heading\">La mode \u00e9thique : une n\u00e9cessit\u00e9 pour la plan\u00e8te<\/h2>\n\n\n<p class=\"wp-block-paragraph\">La <strong>mode \u00e9thique<\/strong> est devenue un enjeu majeur en France, surtout dans un contexte o\u00f9 la <strong>fast fashion<\/strong> pr\u00e9domine. Cette derni\u00e8re a des cons\u00e9quences n\u00e9fastes sur l&rsquo;environnement, exemplifi\u00e9es par les millions de tonnes de textiles jet\u00e9s chaque ann\u00e9e. En fait, selon des \u00e9tudes, environ <strong>400 000 tonnes de v\u00eatements<\/strong> finissent dans les d\u00e9charges en France chaque ann\u00e9e, alors que seulement <strong>8 %<\/strong> sont r\u00e9ellement recycl\u00e9s.<\/p>\n\n\n<h3 class=\"wp-block-heading\">Les avantages de la mode \u00e9thique<\/h3>\n\n\n<p class=\"wp-block-paragraph\">Adopter la mode \u00e9thique, c&rsquo;est faire le choix d&rsquo;un <strong>shopping responsable<\/strong> qui privil\u00e9gie la durabilit\u00e9 et l&rsquo;impact environnemental. En achetant des v\u00eatements fabriqu\u00e9s de mani\u00e8re \u00e9thique, les consommateurs soutiennent des marques qui respectent des normes sociales et environnementales. De plus, cela encourage l&rsquo;utilisation de mati\u00e8res premi\u00e8res <strong>durables<\/strong>, minimisant ainsi l&rsquo;\u00e9puisement des ressources naturelles.<\/p>\n\n\n<h3 class=\"wp-block-heading\">L&rsquo;importance du recyclage des v\u00eatements<\/h3>\n\n\n<p class=\"wp-block-paragraph\">Le <strong>recyclage des v\u00eatements<\/strong> est une composante essentielle de la mode \u00e9thique. En France, de nombreuses <strong>initiatives de recyclage<\/strong> ont vu le jour, telles que les points de collecte dans les villes. Ce type d&rsquo;action permet de donner une seconde vie \u00e0 des textiles qui, autrement, seraient jet\u00e9s. Saviez-vous qu&rsquo;une vieille chemise peut \u00eatre transform\u00e9e en <strong>lingette d\u00e9maquillante<\/strong> ou en <strong>chiffon<\/strong>? Cela montre \u00e0 quel point chaque v\u00eatement peut avoir plusieurs vies.<\/p>\n\n\n<h3 class=\"wp-block-heading\">Des solutions concr\u00e8tes pour un dressing \u00e9co-responsable<\/h3>\n\n\n<p class=\"wp-block-paragraph\">Il existe plusieurs solutions pour int\u00e9grer le recyclage dans votre consommation de mode :<\/p>\n\n\n<ul class=\"wp-block-list\">\n\n<li><strong>R\u00e9utiliser :<\/strong> Pensez au <strong>don<\/strong> ou \u00e0 la <strong>revente<\/strong> de vos v\u00eatements inutilis\u00e9s.<\/li>\n\n\n<li><strong>R\u00e9parer :<\/strong> Redonnez vie \u00e0 des v\u00eatements ab\u00eem\u00e9s par des petites r\u00e9parations.<\/li>\n\n\n<li><strong>Upcycling :<\/strong> Transformez vos v\u00eatements en cr\u00e9ant des pi\u00e8ces uniques au lieu de les jeter.<\/li>\n\n<\/ul>\n\n\n<p class=\"wp-block-paragraph\">La <strong>mode \u00e9thique<\/strong> et le <strong>recyclage textile<\/strong> sont donc essentiels pour construire un futur o\u00f9 nos choix vestimentaires n&rsquo;impactent pas n\u00e9gativement notre plan\u00e8te. Avec des outils \u00e0 notre disposition et une prise de conscience grandissante, chacun peut agir pour un dressing plus responsable et respectueux de l&rsquo;environnement.<\/p>\n\n\n<figure class='wp-block-image size-full'>\n<img width=\"1344\" height=\"768\" src=\"https:\/\/mania-wax.fr\/blog\/wp-content\/uploads\/2024\/12\/Comment-recycler-ses-vetements-la-mode-ethique-en-France.png\" class=\"attachment-full size-full\" alt=\"d\u00e9couvrez nos conseils pratiques pour recycler vos v\u00eatements et adopter une mode \u00e9thique en france. apprenez comment r\u00e9duire votre impact \u00e9cologique tout en restant tendance gr\u00e2ce \u00e0 des astuces de tri, de r\u00e9utilisation et de don. engagez-vous pour un avenir plus durable dans le monde de la mode.\" decoding=\"async\" loading=\"lazy\" \/>\n<\/figure>\n\n\n\n<p class=\"wp-block-paragraph\">Le recyclage des v\u00eatements est une d\u00e9marche essentielle pour r\u00e9duire notre impact sur l&rsquo;environnement et favoriser une <strong>mode \u00e9thique<\/strong>. Il existe plusieurs m\u00e9thodes efficaces que chacun peut adopter pour donner une seconde vie \u00e0 ses textiles.<\/p>\n\n\n<p class=\"wp-block-paragraph\">Tout d\u2019abord, la <strong>r\u00e9utilisation<\/strong> est une excellente option. Plut\u00f4t que de jeter vos vieux v\u00eatements, envisagez de les <strong>d\u00e9marrer<\/strong> ou de les transformer. Par exemple, un tee-shirt us\u00e9 peut devenir un <strong>chiffon<\/strong> pour le m\u00e9nage ou m\u00eame une <strong>lingette d\u00e9maquillante<\/strong> DIY. L\u2019upcycling, ou l\u2019art de r\u00e9inventer un v\u00eatement, est \u00e9galement une tendance en pleine expansion. De nombreuses marques comme <strong>Oxfam<\/strong> et <strong>Les 3 Chapeaux<\/strong> se sont sp\u00e9cialis\u00e9es dans la r\u00e9paration et la customsation de v\u00eatements afin de leur donner une nouvelle vie.<\/p>\n\n\n<p class=\"wp-block-paragraph\">Ensuite, le <strong>don<\/strong> est une solution tr\u00e8s valorisante. De nombreuses association comme <strong>Emma\u00fcs<\/strong> ou <strong>Le Secours Catholique<\/strong> acceptent les v\u00eatements en bon \u00e9tat. De plus, de plus en plus de villes en France mettent en place des <strong>points de collecte<\/strong> pour les v\u00eatements usag\u00e9s, facilitant ainsi le geste de donner. Partager nos v\u00eatements inutilis\u00e9s avec des personnes dans le besoin est une action \u00e0 la port\u00e9e de tous.<\/p>\n\n\n<p class=\"wp-block-paragraph\">Une autre m\u00e9thode est le <strong>recyclage organique<\/strong>, bien que plus rare dans le milieu textile. Certaines initiatives exp\u00e9rimentent le <strong>compostage<\/strong> des v\u00eatements en fibres naturelles, comme le coton ou la laine, qui peuvent se d\u00e9composer et enrichir le sol. Bien que ce soit encore en d\u00e9veloppement, cela montre une \u00e9volution vers des pratiques de plus en plus durables.<\/p>\n\n\n<p class=\"wp-block-paragraph\">Enfin, pour ceux qui souhaitent b\u00e9n\u00e9ficier d\u2019une <strong>reprise<\/strong> financi\u00e8re, des friperies et des magasins de v\u00eatements d&rsquo;occasion, comme <strong>Le Relais<\/strong>, offrent la possibilit\u00e9 de re-vendre vos habits tout en participant \u00e0 l&rsquo;\u00e9conomie circulaire. Cela aide \u00e0 diminuer la <strong>fast fashion<\/strong> et \u00e0 encourager une consommation plus responsable.<\/p>\n\n\n<p class=\"wp-block-paragraph\">Chacune de ces m\u00e9thodes contribue \u00e0 faire de notre dressing un espace plus respectueux de l&rsquo;environnement et \u00e0 promouvoir une consommation consciente. Adopter ces pratiques, c\u2019est faire un pas vers un futur plus durable.<\/p>\n\n\n<figure class=\"wp-block-embed is-type-video is-provider-youtube wp-block-embed-youtube wp-embed-aspect-16-9 wp-has-aspect-ratio\">\n<div class=\"wp-block-embed__wrapper\">\n<iframe loading=\"lazy\" title=\"La mode \u00e9thique et \u00e9cologique : plus qu&#039;un simple v\u00eatement\" width=\"1200\" height=\"675\" src=\"https:\/\/www.youtube.com\/embed\/Xa-OYdt76u4?feature=oembed\" frameborder=\"0\" allow=\"accelerometer; autoplay; clipboard-write; encrypted-media; gyroscope; picture-in-picture; web-share\" referrerpolicy=\"strict-origin-when-cross-origin\" allowfullscreen><\/iframe>\n<\/div>\n<\/figure>\n\n\n\n<p class=\"wp-block-paragraph\">En France, de nombreuses personnes et organisations s&rsquo;engagent activement dans le <strong>recyclage des v\u00eatements<\/strong>, apportant ainsi une contribution significative \u00e0 la pr\u00e9servation de notre plan\u00e8te. Voici quelques t\u00e9moignages qui illustrent l&rsquo;impact de ces initiatives.<\/p>\n\n\n<h2 class=\"wp-block-heading\">T\u00e9moignage d&rsquo;une responsable de friperie<\/h2>\n\n\n<p class=\"wp-block-paragraph\">Marie, g\u00e9rante d&rsquo;une friperie \u00e0 Paris, raconte : \u00ab En reprenant et en revendant des v\u00eatements d&rsquo;occasion, nous avons r\u00e9ussi \u00e0 <strong>r\u00e9duire le gaspillage textile<\/strong> tout en sensibilisant notre communaut\u00e9. Chaque v\u00eatement que nous donnons une seconde vie est une victoire. De plus, nous avons cr\u00e9\u00e9 des emplois et fait na\u00eetre une v\u00e9ritable passion pour la mode \u00e9thique aupr\u00e8s de nos clients. \u00bb<\/p>\n\n\n<h2 class=\"wp-block-heading\">Une initiative de collecte dans une petite ville<\/h2>\n\n\n<p class=\"wp-block-paragraph\">Julien, membre d&rsquo;une association locale, explique comment leur collecte de v\u00eatements a chang\u00e9 les choses : \u00ab Nous avons mis en place des points de collecte dans notre ville. Non seulement cela a permis de r\u00e9cup\u00e9rer des v\u00eatements qui auraient fini \u00e0 la poubelle, mais cela a aussi \u00e9veill\u00e9 les consciences sur l&rsquo;importance de <strong>donner une seconde vie<\/strong> \u00e0 nos v\u00eatements. C&rsquo;est incroyable de voir \u00e0 quel point cela a renforc\u00e9 le lien social dans notre communaut\u00e9. \u00bb<\/p>\n\n\n<h2 class=\"wp-block-heading\">Le t\u00e9moignage d&rsquo;un atelier de r\u00e9paration textile<\/h2>\n\n\n<p class=\"wp-block-paragraph\">Claire, fondatrice d&rsquo;un atelier de r\u00e9paration, partage sa passion : \u00ab J&rsquo;adore aider les gens \u00e0 <strong>r\u00e9parer<\/strong> leurs v\u00eatements au lieu de les jeter. C&rsquo;est un acte \u00e0 la fois cr\u00e9atif et \u00e9thique. Les clients repartent non seulement avec un v\u00eatement remis \u00e0 neuf, mais aussi avec la satisfaction d&rsquo;avoir contribu\u00e9 \u00e0 <strong>pr\u00e9server notre plan\u00e8te<\/strong>. \u00bb<\/p>\n\n\n<h2 class=\"wp-block-heading\">Impact sur les jeunes g\u00e9n\u00e9rations<\/h2>\n\n\n<p class=\"wp-block-paragraph\">Antoine, un jeune \u00e9tudiant engag\u00e9 dans une ONG, t\u00e9moigne de son exp\u00e9rience : \u00ab En organisant des ateliers de <strong>recyclage<\/strong> et d&rsquo;<strong>upcycling<\/strong>, nous avons sensibilis\u00e9 mes camarades au probl\u00e8me de la fast fashion. Cela a compl\u00e8tement chang\u00e9 notre rapport \u00e0 la mode. Aujourd&rsquo;hui, nous choisissons d&rsquo;acheter moins, mais mieux, et donnons une nouvelle vie aux v\u00eatements ! \u00bb<\/p>\n\n\n<h2 class=\"wp-block-heading\">Une marque de mode \u00e9thique qui s\u2019engage<\/h2>\n\n\n<p class=\"wp-block-paragraph\">Enfin, la cr\u00e9atrice d&rsquo;une marque de mode \u00e9thique explique : \u00ab Nous int\u00e9grons le <strong>recyclage<\/strong> dans notre processus de fabrication. Non seulement nous cr\u00e9ons des pi\u00e8ces uniques \u00e0 partir de textiles r\u00e9cup\u00e9r\u00e9s, mais nous construisons aussi des mod\u00e8les d\u2019entreprise responsables. Chaque collection est une mani\u00e8re de promouvoir une mode durable et de <strong>r\u00e9duire l&rsquo;impact environnemental<\/strong> de notre secteur. \u00bb<\/p>\n\n\n<p class=\"wp-block-paragraph\">Ces t\u00e9moignages r\u00e9v\u00e8lent \u00e0 quel point le <strong>recyclage des v\u00eatements<\/strong> devient une r\u00e9alit\u00e9, touchant des vies et des entreprises en France. Chacun d\u2019eux contribue, \u00e0 leur mani\u00e8re, \u00e0 un avenir plus respectueux de l\u2019environnement.<\/p>\n\n\n\n<p class=\"wp-block-paragraph\">La <strong>mode \u00e9thique<\/strong> est un enjeu crucial dans notre soci\u00e9t\u00e9 actuelle, et le <strong>recyclage des v\u00eatements<\/strong> en France en est une pierre angulaire. Enir la n\u00e9cessit\u00e9 de donner une seconde vie \u00e0 nos v\u00eatements permet non seulement de r\u00e9duire notre empreinte <strong>\u00e9cologique<\/strong>, mais aussi de soutenir des pratiques <strong>durables<\/strong> et responsables. Chaque geste compte, que ce soit par le don, la revente ou la transformation de nos anciennes pi\u00e8ces. En choisissant de recycler, nous participons activement \u00e0 la pr\u00e9servation de notre environnement et \u00e0 la lutte contre le gaspillage. Engageons-nous ensemble dans cette d\u00e9marche pour un avenir plus <strong>durable<\/strong> et une mode qui respecte notre plan\u00e8te. R\u00e9fl\u00e9chissons \u00e0 nos choix vestimentaires et faisons de la <strong>mode \u00e9thique<\/strong> la norme plut\u00f4t que l&rsquo;exception. Prenons soin de notre plan\u00e8te, un v\u00eatement \u00e0 la fois!<\/p>\n","protected":false},"excerpt":{"rendered":"","protected":false},"author":34,"featured_media":7240,"comment_status":"open","ping_status":"open","sticky":false,"template":"","format":"standard","meta":{"_acf_changed":false,"manual_indexmenow":false,"indexmenow_id_project":0,"footnotes":""},"categories":[4520],"tags":[],"class_list":["post-7239","post","type-post","status-publish","format-standard","has-post-thumbnail","hentry","category-tendances-mode","generate-columns","tablet-grid-50","mobile-grid-100","grid-parent","grid-25"],"acf":[],"yoast_head":"<!-- This site is optimized with the Yoast SEO Premium plugin v21.3 (Yoast SEO v26.5) - https:\/\/yoast.com\/wordpress\/plugins\/seo\/ -->\n<title>Recycler ses v\u00eatements : guide d&#039;une mode \u00e9thique<\/title>\n<meta name=\"description\" content=\"Recycler ses v\u00eatements : guide pratique pour une mode plus \u00e9thique. Astuces et bons gestes pour r\u00e9duire son impact tout en restant styl\u00e9.\" \/>\n<meta name=\"robots\" content=\"index, follow, max-snippet:-1, max-image-preview:large, max-video-preview:-1\" \/>\n<link rel=\"canonical\" href=\"https:\/\/mania-wax.fr\/blog\/tendances-mode\/comment-recycler-ses-vetements-la-mode-ethique-en-france\/\" \/>\n<meta property=\"og:locale\" content=\"fr_FR\" \/>\n<meta property=\"og:type\" content=\"article\" \/>\n<meta property=\"og:title\" content=\"Recycler ses v\u00eatements : guide d&#039;une mode \u00e9thique\" \/>\n<meta property=\"og:description\" content=\"Recycler ses v\u00eatements : guide pratique pour une mode plus \u00e9thique. Astuces et bons gestes pour r\u00e9duire son impact tout en restant styl\u00e9.\" \/>\n<meta property=\"og:url\" content=\"https:\/\/mania-wax.fr\/blog\/tendances-mode\/comment-recycler-ses-vetements-la-mode-ethique-en-france\/\" \/>\n<meta property=\"og:site_name\" content=\"mania-wax.\" \/>\n<meta property=\"og:image\" content=\"https:\/\/mania-wax.fr\/blog\/wp-content\/uploads\/2024\/12\/Comment-recycler-ses-vetements-la-mode-ethique-en-France-1.png\" \/>\n\t<meta property=\"og:image:width\" content=\"1344\" \/>\n\t<meta property=\"og:image:height\" content=\"768\" \/>\n\t<meta property=\"og:image:type\" content=\"image\/png\" \/>\n<meta name=\"author\" content=\"Lina Mazzoni\" \/>\n<meta name=\"twitter:card\" content=\"summary_large_image\" \/>\n<script type=\"application\/ld+json\" class=\"yoast-schema-graph\">{\"@context\":\"https:\/\/schema.org\",\"@graph\":[{\"@type\":\"NewsArticle\",\"@id\":\"https:\/\/mania-wax.fr\/blog\/tendances-mode\/comment-recycler-ses-vetements-la-mode-ethique-en-france\/#article\",\"isPartOf\":{\"@id\":\"https:\/\/mania-wax.fr\/blog\/tendances-mode\/comment-recycler-ses-vetements-la-mode-ethique-en-france\/\"},\"author\":{\"name\":\"Lina Mazzoni\",\"@id\":\"https:\/\/mania-wax.fr\/blog\/#\/schema\/person\/3c864cdc320801e3db34b663e7e3f816\"},\"headline\":\"Comment recycler ses v\u00eatements : la mode \u00e9thique en France\",\"datePublished\":\"2024-12-18T07:28:39+00:00\",\"mainEntityOfPage\":{\"@id\":\"https:\/\/mania-wax.fr\/blog\/tendances-mode\/comment-recycler-ses-vetements-la-mode-ethique-en-france\/\"},\"wordCount\":1474,\"commentCount\":0,\"publisher\":{\"@id\":\"https:\/\/mania-wax.fr\/blog\/#organization\"},\"image\":{\"@id\":\"https:\/\/mania-wax.fr\/blog\/tendances-mode\/comment-recycler-ses-vetements-la-mode-ethique-en-france\/#primaryimage\"},\"thumbnailUrl\":\"https:\/\/mania-wax.fr\/blog\/wp-content\/uploads\/2024\/12\/Comment-recycler-ses-vetements-la-mode-ethique-en-France-1.png\",\"articleSection\":[\"Tendances Mode\"],\"inLanguage\":\"fr-FR\",\"potentialAction\":[{\"@type\":\"CommentAction\",\"name\":\"Comment\",\"target\":[\"https:\/\/mania-wax.fr\/blog\/tendances-mode\/comment-recycler-ses-vetements-la-mode-ethique-en-france\/#respond\"]}]},{\"@type\":\"WebPage\",\"@id\":\"https:\/\/mania-wax.fr\/blog\/tendances-mode\/comment-recycler-ses-vetements-la-mode-ethique-en-france\/\",\"url\":\"https:\/\/mania-wax.fr\/blog\/tendances-mode\/comment-recycler-ses-vetements-la-mode-ethique-en-france\/\",\"name\":\"Recycler ses v\u00eatements : guide d'une mode \u00e9thique\",\"isPartOf\":{\"@id\":\"https:\/\/mania-wax.fr\/blog\/#website\"},\"primaryImageOfPage\":{\"@id\":\"https:\/\/mania-wax.fr\/blog\/tendances-mode\/comment-recycler-ses-vetements-la-mode-ethique-en-france\/#primaryimage\"},\"image\":{\"@id\":\"https:\/\/mania-wax.fr\/blog\/tendances-mode\/comment-recycler-ses-vetements-la-mode-ethique-en-france\/#primaryimage\"},\"thumbnailUrl\":\"https:\/\/mania-wax.fr\/blog\/wp-content\/uploads\/2024\/12\/Comment-recycler-ses-vetements-la-mode-ethique-en-France-1.png\",\"datePublished\":\"2024-12-18T07:28:39+00:00\",\"description\":\"Recycler ses v\u00eatements : guide pratique pour une mode plus \u00e9thique. Astuces et bons gestes pour r\u00e9duire son impact tout en restant styl\u00e9.\",\"inLanguage\":\"fr-FR\",\"potentialAction\":[{\"@type\":\"ReadAction\",\"target\":[\"https:\/\/mania-wax.fr\/blog\/tendances-mode\/comment-recycler-ses-vetements-la-mode-ethique-en-france\/\"]}]},{\"@type\":\"ImageObject\",\"inLanguage\":\"fr-FR\",\"@id\":\"https:\/\/mania-wax.fr\/blog\/tendances-mode\/comment-recycler-ses-vetements-la-mode-ethique-en-france\/#primaryimage\",\"url\":\"https:\/\/mania-wax.fr\/blog\/wp-content\/uploads\/2024\/12\/Comment-recycler-ses-vetements-la-mode-ethique-en-France-1.png\",\"contentUrl\":\"https:\/\/mania-wax.fr\/blog\/wp-content\/uploads\/2024\/12\/Comment-recycler-ses-vetements-la-mode-ethique-en-France-1.png\",\"width\":1344,\"height\":768,\"caption\":\"d\u00e9couvrez comment recycler vos v\u00eatements pour adopter une mode \u00e9thique en france. apprenez des astuces pratiques et des initiatives responsables pour prolonger la vie de vos textiles tout en r\u00e9duisant votre impact sur l'environnement.\"},{\"@type\":\"WebSite\",\"@id\":\"https:\/\/mania-wax.fr\/blog\/#website\",\"url\":\"https:\/\/mania-wax.fr\/blog\/\",\"name\":\"Mania Wax\",\"description\":\"Mania Wax, la mode qui fait sensation\",\"publisher\":{\"@id\":\"https:\/\/mania-wax.fr\/blog\/#organization\"},\"alternateName\":\"Mania Wax, la mode qui fait sensation\",\"potentialAction\":[{\"@type\":\"SearchAction\",\"target\":{\"@type\":\"EntryPoint\",\"urlTemplate\":\"https:\/\/mania-wax.fr\/blog\/?s={search_term_string}\"},\"query-input\":{\"@type\":\"PropertyValueSpecification\",\"valueRequired\":true,\"valueName\":\"search_term_string\"}}],\"inLanguage\":\"fr-FR\"},{\"@type\":\"Organization\",\"@id\":\"https:\/\/mania-wax.fr\/blog\/#organization\",\"name\":\"Mania Wax\",\"alternateName\":\"Mania Wax\",\"url\":\"https:\/\/mania-wax.fr\/blog\/\",\"logo\":{\"@type\":\"ImageObject\",\"inLanguage\":\"fr-FR\",\"@id\":\"https:\/\/mania-wax.fr\/blog\/#\/schema\/logo\/image\/\",\"url\":\"https:\/\/mania-wax.fr\/blog\/wp-content\/uploads\/2026\/07\/logo-auto.png\",\"contentUrl\":\"https:\/\/mania-wax.fr\/blog\/wp-content\/uploads\/2026\/07\/logo-auto.png\",\"width\":1024,\"height\":1024,\"caption\":\"Mania Wax\"},\"image\":{\"@id\":\"https:\/\/mania-wax.fr\/blog\/#\/schema\/logo\/image\/\"}},{\"@type\":\"Person\",\"@id\":\"https:\/\/mania-wax.fr\/blog\/#\/schema\/person\/3c864cdc320801e3db34b663e7e3f816\",\"name\":\"Lina Mazzoni\",\"image\":{\"@type\":\"ImageObject\",\"inLanguage\":\"fr-FR\",\"@id\":\"https:\/\/mania-wax.fr\/blog\/#\/schema\/person\/image\/\",\"url\":\"https:\/\/mania-wax.fr\/blog\/wp-content\/uploads\/2026\/06\/persona_lina-m-96x96.jpg\",\"contentUrl\":\"https:\/\/mania-wax.fr\/blog\/wp-content\/uploads\/2026\/06\/persona_lina-m-96x96.jpg\",\"caption\":\"Lina Mazzoni\"},\"description\":\"La mode et la beaut\u00e9 m'accompagnent depuis toujours, et j'en ai fait mon m\u00e9tier d'\u00e9ditrice depuis une dizaine d'ann\u00e9es. J'\u00e9cris sur les tendances vestimentaires, la lingerie, les accessoires et les routines beaut\u00e9, avec l'envie d'aider chacune \u00e0 trouver son style plut\u00f4t qu'\u00e0 suivre aveugl\u00e9ment les diktats. J'aime d\u00e9crypter une silhouette, expliquer comment choisir une mati\u00e8re, une coupe ou un soin selon sa morphologie et sa peau, et d\u00e9m\u00ealer le vrai du marketing dans les produits beaut\u00e9. Avant de recommander une pi\u00e8ce ou un cosm\u00e9tique, je v\u00e9rifie la composition, la qualit\u00e9 et le rapport qualit\u00e9-prix, et je teste quand c'est possible. Je tiens \u00e0 un ton inclusif, loin des injonctions et des complexes. Mon angle : la mode comme plaisir et expression de soi, pas comme course \u00e9puisante aux nouveaut\u00e9s. Bien s'habiller, c'est d'abord se sentir bien.\",\"sameAs\":[\"https:\/\/linamazzoni.fr\/\"],\"url\":\"https:\/\/mania-wax.fr\/blog\/auteur\/noname\/\"}]}<\/script>\n<!-- \/ Yoast SEO Premium plugin. -->","yoast_head_json":{"title":"Recycler ses v\u00eatements : guide d'une mode \u00e9thique","description":"Recycler ses v\u00eatements : guide pratique pour une mode plus \u00e9thique. Astuces et bons gestes pour r\u00e9duire son impact tout en restant styl\u00e9.","robots":{"index":"index","follow":"follow","max-snippet":"max-snippet:-1","max-image-preview":"max-image-preview:large","max-video-preview":"max-video-preview:-1"},"canonical":"https:\/\/mania-wax.fr\/blog\/tendances-mode\/comment-recycler-ses-vetements-la-mode-ethique-en-france\/","og_locale":"fr_FR","og_type":"article","og_title":"Recycler ses v\u00eatements : guide d'une mode \u00e9thique","og_description":"Recycler ses v\u00eatements : guide pratique pour une mode plus \u00e9thique. Astuces et bons gestes pour r\u00e9duire son impact tout en restant styl\u00e9.","og_url":"https:\/\/mania-wax.fr\/blog\/tendances-mode\/comment-recycler-ses-vetements-la-mode-ethique-en-france\/","og_site_name":"mania-wax.","og_image":[{"width":1344,"height":768,"url":"https:\/\/mania-wax.fr\/blog\/wp-content\/uploads\/2024\/12\/Comment-recycler-ses-vetements-la-mode-ethique-en-France-1.png","type":"image\/png"}],"author":"Lina Mazzoni","twitter_card":"summary_large_image","schema":{"@context":"https:\/\/schema.org","@graph":[{"@type":"NewsArticle","@id":"https:\/\/mania-wax.fr\/blog\/tendances-mode\/comment-recycler-ses-vetements-la-mode-ethique-en-france\/#article","isPartOf":{"@id":"https:\/\/mania-wax.fr\/blog\/tendances-mode\/comment-recycler-ses-vetements-la-mode-ethique-en-france\/"},"author":{"name":"Lina Mazzoni","@id":"https:\/\/mania-wax.fr\/blog\/#\/schema\/person\/3c864cdc320801e3db34b663e7e3f816"},"headline":"Comment recycler ses v\u00eatements : la mode \u00e9thique en France","datePublished":"2024-12-18T07:28:39+00:00","mainEntityOfPage":{"@id":"https:\/\/mania-wax.fr\/blog\/tendances-mode\/comment-recycler-ses-vetements-la-mode-ethique-en-france\/"},"wordCount":1474,"commentCount":0,"publisher":{"@id":"https:\/\/mania-wax.fr\/blog\/#organization"},"image":{"@id":"https:\/\/mania-wax.fr\/blog\/tendances-mode\/comment-recycler-ses-vetements-la-mode-ethique-en-france\/#primaryimage"},"thumbnailUrl":"https:\/\/mania-wax.fr\/blog\/wp-content\/uploads\/2024\/12\/Comment-recycler-ses-vetements-la-mode-ethique-en-France-1.png","articleSection":["Tendances Mode"],"inLanguage":"fr-FR","potentialAction":[{"@type":"CommentAction","name":"Comment","target":["https:\/\/mania-wax.fr\/blog\/tendances-mode\/comment-recycler-ses-vetements-la-mode-ethique-en-france\/#respond"]}]},{"@type":"WebPage","@id":"https:\/\/mania-wax.fr\/blog\/tendances-mode\/comment-recycler-ses-vetements-la-mode-ethique-en-france\/","url":"https:\/\/mania-wax.fr\/blog\/tendances-mode\/comment-recycler-ses-vetements-la-mode-ethique-en-france\/","name":"Recycler ses v\u00eatements : guide d'une mode \u00e9thique","isPartOf":{"@id":"https:\/\/mania-wax.fr\/blog\/#website"},"primaryImageOfPage":{"@id":"https:\/\/mania-wax.fr\/blog\/tendances-mode\/comment-recycler-ses-vetements-la-mode-ethique-en-france\/#primaryimage"},"image":{"@id":"https:\/\/mania-wax.fr\/blog\/tendances-mode\/comment-recycler-ses-vetements-la-mode-ethique-en-france\/#primaryimage"},"thumbnailUrl":"https:\/\/mania-wax.fr\/blog\/wp-content\/uploads\/2024\/12\/Comment-recycler-ses-vetements-la-mode-ethique-en-France-1.png","datePublished":"2024-12-18T07:28:39+00:00","description":"Recycler ses v\u00eatements : guide pratique pour une mode plus \u00e9thique. Astuces et bons gestes pour r\u00e9duire son impact tout en restant styl\u00e9.","inLanguage":"fr-FR","potentialAction":[{"@type":"ReadAction","target":["https:\/\/mania-wax.fr\/blog\/tendances-mode\/comment-recycler-ses-vetements-la-mode-ethique-en-france\/"]}]},{"@type":"ImageObject","inLanguage":"fr-FR","@id":"https:\/\/mania-wax.fr\/blog\/tendances-mode\/comment-recycler-ses-vetements-la-mode-ethique-en-france\/#primaryimage","url":"https:\/\/mania-wax.fr\/blog\/wp-content\/uploads\/2024\/12\/Comment-recycler-ses-vetements-la-mode-ethique-en-France-1.png","contentUrl":"https:\/\/mania-wax.fr\/blog\/wp-content\/uploads\/2024\/12\/Comment-recycler-ses-vetements-la-mode-ethique-en-France-1.png","width":1344,"height":768,"caption":"d\u00e9couvrez comment recycler vos v\u00eatements pour adopter une mode \u00e9thique en france. apprenez des astuces pratiques et des initiatives responsables pour prolonger la vie de vos textiles tout en r\u00e9duisant votre impact sur l'environnement."},{"@type":"WebSite","@id":"https:\/\/mania-wax.fr\/blog\/#website","url":"https:\/\/mania-wax.fr\/blog\/","name":"Mania Wax","description":"Mania Wax, la mode qui fait sensation","publisher":{"@id":"https:\/\/mania-wax.fr\/blog\/#organization"},"alternateName":"Mania Wax, la mode qui fait sensation","potentialAction":[{"@type":"SearchAction","target":{"@type":"EntryPoint","urlTemplate":"https:\/\/mania-wax.fr\/blog\/?s={search_term_string}"},"query-input":{"@type":"PropertyValueSpecification","valueRequired":true,"valueName":"search_term_string"}}],"inLanguage":"fr-FR"},{"@type":"Organization","@id":"https:\/\/mania-wax.fr\/blog\/#organization","name":"Mania Wax","alternateName":"Mania Wax","url":"https:\/\/mania-wax.fr\/blog\/","logo":{"@type":"ImageObject","inLanguage":"fr-FR","@id":"https:\/\/mania-wax.fr\/blog\/#\/schema\/logo\/image\/","url":"https:\/\/mania-wax.fr\/blog\/wp-content\/uploads\/2026\/07\/logo-auto.png","contentUrl":"https:\/\/mania-wax.fr\/blog\/wp-content\/uploads\/2026\/07\/logo-auto.png","width":1024,"height":1024,"caption":"Mania Wax"},"image":{"@id":"https:\/\/mania-wax.fr\/blog\/#\/schema\/logo\/image\/"}},{"@type":"Person","@id":"https:\/\/mania-wax.fr\/blog\/#\/schema\/person\/3c864cdc320801e3db34b663e7e3f816","name":"Lina Mazzoni","image":{"@type":"ImageObject","inLanguage":"fr-FR","@id":"https:\/\/mania-wax.fr\/blog\/#\/schema\/person\/image\/","url":"https:\/\/mania-wax.fr\/blog\/wp-content\/uploads\/2026\/06\/persona_lina-m-96x96.jpg","contentUrl":"https:\/\/mania-wax.fr\/blog\/wp-content\/uploads\/2026\/06\/persona_lina-m-96x96.jpg","caption":"Lina Mazzoni"},"description":"La mode et la beaut\u00e9 m'accompagnent depuis toujours, et j'en ai fait mon m\u00e9tier d'\u00e9ditrice depuis une dizaine d'ann\u00e9es. J'\u00e9cris sur les tendances vestimentaires, la lingerie, les accessoires et les routines beaut\u00e9, avec l'envie d'aider chacune \u00e0 trouver son style plut\u00f4t qu'\u00e0 suivre aveugl\u00e9ment les diktats. J'aime d\u00e9crypter une silhouette, expliquer comment choisir une mati\u00e8re, une coupe ou un soin selon sa morphologie et sa peau, et d\u00e9m\u00ealer le vrai du marketing dans les produits beaut\u00e9. Avant de recommander une pi\u00e8ce ou un cosm\u00e9tique, je v\u00e9rifie la composition, la qualit\u00e9 et le rapport qualit\u00e9-prix, et je teste quand c'est possible. Je tiens \u00e0 un ton inclusif, loin des injonctions et des complexes. Mon angle : la mode comme plaisir et expression de soi, pas comme course \u00e9puisante aux nouveaut\u00e9s. Bien s'habiller, c'est d'abord se sentir bien.","sameAs":["https:\/\/linamazzoni.fr\/"],"url":"https:\/\/mania-wax.fr\/blog\/auteur\/noname\/"}]}},"_links":{"self":[{"href":"https:\/\/mania-wax.fr\/blog\/wp-json\/wp\/v2\/posts\/7239","targetHints":{"allow":["GET"]}}],"collection":[{"href":"https:\/\/mania-wax.fr\/blog\/wp-json\/wp\/v2\/posts"}],"about":[{"href":"https:\/\/mania-wax.fr\/blog\/wp-json\/wp\/v2\/types\/post"}],"author":[{"embeddable":true,"href":"https:\/\/mania-wax.fr\/blog\/wp-json\/wp\/v2\/users\/34"}],"replies":[{"embeddable":true,"href":"https:\/\/mania-wax.fr\/blog\/wp-json\/wp\/v2\/comments?post=7239"}],"version-history":[{"count":0,"href":"https:\/\/mania-wax.fr\/blog\/wp-json\/wp\/v2\/posts\/7239\/revisions"}],"wp:featuredmedia":[{"embeddable":true,"href":"https:\/\/mania-wax.fr\/blog\/wp-json\/wp\/v2\/media\/7240"}],"wp:attachment":[{"href":"https:\/\/mania-wax.fr\/blog\/wp-json\/wp\/v2\/media?parent=7239"}],"wp:term":[{"taxonomy":"category","embeddable":true,"href":"https:\/\/mania-wax.fr\/blog\/wp-json\/wp\/v2\/categories?post=7239"},{"taxonomy":"post_tag","embeddable":true,"href":"https:\/\/mania-wax.fr\/blog\/wp-json\/wp\/v2\/tags?post=7239"}],"curies":[{"name":"wp","href":"https:\/\/api.w.org\/{rel}","templated":true}]}}