{"id":7242,"date":"2024-12-18T08:28:49","date_gmt":"2024-12-18T07:28:49","guid":{"rendered":"https:\/\/mania-wax.fr\/blog\/a-la-une\/levolution-de-la-mode-francaise-au-fil-des-decennies\/"},"modified":"2024-12-18T08:28:49","modified_gmt":"2024-12-18T07:28:49","slug":"levolution-de-la-mode-francaise-au-fil-des-decennies","status":"publish","type":"post","link":"https:\/\/mania-wax.fr\/blog\/tendances-mode\/levolution-de-la-mode-francaise-au-fil-des-decennies\/","title":{"rendered":"L&rsquo;\u00e9volution de la mode fran\u00e7aise au fil des d\u00e9cennies"},"content":{"rendered":"\n\n<p class=\"wp-block-paragraph\">La <strong>mode parisienne<\/strong>, souvent consid\u00e9r\u00e9e comme l&rsquo;apog\u00e9e du style et du raffinement, constitue un v\u00e9ritable <strong>univers<\/strong> \u00e0 part enti\u00e8re. Depuis des si\u00e8cles, Paris attire les cr\u00e9ateurs, les mannequins et les passionn\u00e9s de mode, devenant le <strong>berceau<\/strong> des tendances qui influencent le monde entier. Qu&rsquo;il s&rsquo;agisse des catwalks \u00e9blouissants, des boutiques de cr\u00e9ateurs ou des c\u00e9l\u00e8bres maisons de couture, la capitale fran\u00e7aise est le t\u00e9moin et l&rsquo;acteur des r\u00e9volutions stylistiques qui fa\u00e7onnent notre mani\u00e8re de nous habiller. Dans cet article, nous allons explorer les danses secr\u00e8tes de la mode parisienne, ses <strong>influences historiques<\/strong>, ainsi que les figures embl\u00e9matiques qui ont jalonn\u00e9 son parcours. Nous d\u00e9voilerons comment la <strong>culture<\/strong>, la <strong>soci\u00e9t\u00e9<\/strong> et m\u00eame l&rsquo;\u00e9conomie ont model\u00e9 cette esth\u00e9tique unique, faisant de Paris une -reine incontest\u00e9e du parfum, du glamour et de l&rsquo;inspiration.<\/p>\n\n\n\n<p class=\"wp-block-paragraph\">Paris est ind\u00e9niablement consid\u00e9r\u00e9e comme la <strong>capitale de la mode<\/strong>, un statut qu&rsquo;elle a su maintenir \u00e0 travers les d\u00e9cennies gr\u00e2ce \u00e0 une combinaison <strong>d&rsquo;\u00e9v\u00e9nements majeurs<\/strong>, de cr\u00e9ateurs influents et d&rsquo;un riche h\u00e9ritage culturel.<\/p>\n\n\n<h2 class=\"wp-block-heading\">La Semaine de la Mode<\/h2>\n\n\n<p class=\"wp-block-paragraph\">La <strong>Semaine de la Mode<\/strong> de Paris, qui se d\u00e9roule deux fois par an, est un \u00e9v\u00e9nement phare qui attire des designers du monde entier. C&rsquo;est ici que les plus grandes maisons, telles que <strong>Couture<\/strong>, <strong>Dior<\/strong> et <strong.chanel>, pr\u00e9sentent leurs nouvelles collections. Ces d\u00e9fil\u00e9s ne sont pas seulement des vitrines de v\u00eatements, mais un v\u00e9ritable spectacle o\u00f9 le <strong>style<\/strong>, le <strong>savoir-faire<\/strong> et la <strong>cr\u00e9ativit\u00e9<\/strong> se rencontrent, influen\u00e7ant ainsi les tendances internationales.<\/strong.chanel><\/p>\n\n\n<h2 class=\"wp-block-heading\">Les cr\u00e9ateurs embl\u00e9matiques<\/h2>\n\n\n<p class=\"wp-block-paragraph\">Paris a \u00e9t\u00e9 la patrie de nombreux cr\u00e9ateurs embl\u00e9matiques au fil des ans, comme <strong.coco chanel>, qui a r\u00e9volutionn\u00e9 la mode f\u00e9minine avec des designs embl\u00e9matiques et des concepts innovants. De m\u00eame, <strong.yves saint laurent> a red\u00e9fini la mode avec ses cr\u00e9ations qui embrassaient \u00e0 la fois l&rsquo;\u00e9l\u00e9gance et l&rsquo;\u00e9mancipation. Ces figures majeures ont non seulement eu un impact sur la mode, mais ont aussi contribu\u00e9 \u00e0 \u00e9tablir Paris comme un <strong>centre d&rsquo;innovation<\/strong> et d&rsquo;<strong>inspiration<\/strong>.<\/strong.yves><\/strong.coco><\/p>\n\n\n<h2 class=\"wp-block-heading\">Les influences culturelles<\/h2>\n\n\n<p class=\"wp-block-paragraph\">Au-del\u00e0 des cr\u00e9ateurs et des \u00e9v\u00e9nements, les influences culturelles jouent un r\u00f4le significatif dans la r\u00e9putation de Paris. La ville a toujours \u00e9t\u00e9 un carrefour d&rsquo;<strong>art<\/strong>, de <strong>litt\u00e9rature<\/strong> et de <strong>cin\u00e9ma<\/strong>, o\u00f9 chaque mouvement artistique a laiss\u00e9 son empreinte sur les tendances fashion. Les ann\u00e9es 1920 avec le mouvement <strong>Art D\u00e9co<\/strong>, les ann\u00e9es 1960 avec la <strong sexuelle> et le <strong>punk<\/strong> des ann\u00e9es 1980, tout cela a fa\u00e7onn\u00e9 l&rsquo;identit\u00e9 visuelle de Paris en tant que vitrine des nouvelles id\u00e9es et des styles audacieux.<\/strong><\/p>\n\n\n<h2 class=\"wp-block-heading\">Le r\u00f4le des m\u00e9dias et des influenceurs<\/h2>\n\n\n<p class=\"wp-block-paragraph\">Les m\u00e9dias parisiens, tels que <strong>Vogue<\/strong> et <strong>Elle<\/strong>, jouent un r\u00f4le essentiel dans la diffusion des tendances et des nouveaut\u00e9s. Par ailleurs, les <strong>influenceurs<\/strong> modernes et les c\u00e9l\u00e9brit\u00e9s qui adoptent le style parisien amplifient encore cette influence, faisant de la mode parisienne un id\u00e9al \u00e0 suivre mondialement.<\/p>\n\n\n<h2 class=\"wp-block-heading\">Les mus\u00e9es et expositions<\/h2>\n\n\n<p class=\"wp-block-paragraph\">Les mus\u00e9es tels que le <strong>Palais Galliera<\/strong> et le <strong>Mus\u00e9e des Arts D\u00e9coratifs<\/strong> contribuent \u00e9galement \u00e0 la pr\u00e9servation de l histoire de la mode. Les expositions temporaires et permanentes mettent en lumi\u00e8re le d\u00e9veloppement des tendances \u00e0 travers les \u00e2ges et soulignent l&rsquo;impact de Paris sur l&rsquo;\u00e9volution de la mode mondiale.<\/p>\n\n\n<p class=\"wp-block-paragraph\">Les diverses interactions entre la mode, l&rsquo;art et la culture font de Paris une sc\u00e8ne vibrante et dynamique, qui ne cesse de red\u00e9finir ce que signifie \u00eatre \u00e0 la pointe de la mode.<\/p>\n\n\n\n<p class=\"wp-block-paragraph\">Paris, la capitale mondiale de la mode, continue d&rsquo;imposer sa <strong>signature<\/strong> au sein des tendances vestimentaires contemporaines. Les styles populaires refl\u00e8tent une <strong>fusion<\/strong> entre tradition et modernit\u00e9, captivant un public avide d&rsquo;innovation.<\/p>\n\n\n<p class=\"wp-block-paragraph\">Au c\u0153ur de cette dynamique, le <strong>streetwear<\/strong> conna\u00eet un essor sans pr\u00e9c\u00e9dent, fusionnant avec l&rsquo;\u00e9l\u00e9gance parisienne. Des ensembles d\u00e9contract\u00e9s, tels que des <strong>sweats \u00e0 capuche<\/strong> orn\u00e9s de logos et des accessoires audacieux, sont devenus des incontournables du quotidien. Les marques de luxe s&rsquo;adaptent, adoptant ces \u00e9l\u00e9ments populaires tout en pr\u00e9servant leur aura.<\/p>\n\n\n<p class=\"wp-block-paragraph\">Dans le m\u00eame temps, les cr\u00e9ations des maisons de couture prestigieuses, telles que Louis Vuitton, Chanel et Balenciaga, continuent d&rsquo;influencer de mani\u00e8re significative le paysage mode. Ces cr\u00e9ateurs osent r\u00e9inventer les <strong>classiques<\/strong>, mariant des coupes intemporelles \u00e0 des motifs contemporains. Les robes fluides et les ensembles twill de Chanel, par exemple, s&rsquo;imposent dans les garde-robes des fashionistas.<\/p>\n\n\n<p class=\"wp-block-paragraph\">Une autre tendance marquante est la <strong>sustainability<\/strong> ou durabilit\u00e9, qui prend de l&rsquo;ampleur. Les cr\u00e9ateurs comme Stella McCartney pr\u00f4nent l&rsquo;utilisation de mati\u00e8res recycl\u00e9es et de m\u00e9thodes de production \u00e9thiques, attirant une client\u00e8le de plus en plus consciente des enjeux environnementaux. Les v\u00eatements adapt\u00e9s au mode de vie moderne, \u00e0 la fois pratiques et \u00e9l\u00e9gants, se multiplient.<\/p>\n\n\n<p class=\"wp-block-paragraph\">Les <strong>influenceurs<\/strong>, quant \u00e0 eux, ont un r\u00f4le pivot dans la diffusion des tendances. \u00c0 travers les r\u00e9seaux sociaux, ils permettent un acc\u00e8s imm\u00e9diat \u00e0 l&rsquo;univers de la mode, mettant en avant des marques \u00e9mergentes ainsi que des designers innovants. Les collaborations entre marques de luxe et designers off offrent un vent de fra\u00eecheur \u00e0 cet univers traditionnellement centr\u00e9 sur l&rsquo;exclusivit\u00e9.<\/p>\n\n\n<p class=\"wp-block-paragraph\">En mati\u00e8re de couleur, les tendances actuelles incluent une palette riche en <strong>teintes vives<\/strong>, allant des pastels d\u00e9licats aux couleurs n\u00e9on, ajoutant une dose de <strong>jouissance<\/strong> \u00e0 l&rsquo;habillement quotidien. Ces choix audacieux r\u00e9sonnent bien avec le souhait d&rsquo;individualit\u00e9 et d&rsquo;expression personnelle qui caract\u00e9rise la mode actuelle.<\/p>\n\n\n<p class=\"wp-block-paragraph\">Ainsi, Paris continue d&rsquo;\u00eatre \u00e0 l&rsquo;avant-garde des tendances de mode, mariant <strong>innovation<\/strong> et <strong>cr\u00e9ativit\u00e9<\/strong> \u00e0 chaque coin de rue, tout en encourageant une conscience sociale et environnementale croissante.<\/p>\n\n\n\n<p class=\"wp-block-paragraph\">La <strong>mode parisienne<\/strong> est synonyme d&rsquo;\u00e9l\u00e9gance et de sophistication, alliant \u00e0 la fois des pi\u00e8ces classiques et des touches modernes. Voici quelques conseils pratiques pour int\u00e9grer ce style embl\u00e9matique dans votre quotidien.<\/p>\n\n\n<h2 class=\"wp-block-heading\">M\u00e9langer les V\u00eatements<\/h2>\n\n\n<p class=\"wp-block-paragraph\">Pour cr\u00e9er un look <strong>parisien<\/strong> authentique, il est essentiel de jouer sur le m\u00e9lange de pi\u00e8ces. Par exemple :<\/p>\n\n\n<ul class=\"wp-block-list\">\n\n<li><strong>T-shirts basiques<\/strong> avec un <strong>blazer<\/strong> \u00e9l\u00e9gant pour un contraste d\u00e9contract\u00e9-chic.<\/li>\n\n\n<li>Jupes midi associ\u00e9es \u00e0 des <strong>bottines<\/strong> pour une touche f\u00e9minine sans effort.<\/li>\n\n\n<li>Pantalons \u00e0 pinces coupl\u00e9s \u00e0 un <strong>sweat<\/strong> ou \u00e0 un <strong>top en dentelle<\/strong> pour un \u00e9quilibre parfait entre confort et style.<\/li>\n\n<\/ul>\n\n\n<h2 class=\"wp-block-heading\">Choisir les Couleurs<\/h2>\n\n\n<p class=\"wp-block-paragraph\">Les <strong>nuances neutres<\/strong> dominent souvent la mode parisienne. Optez pour des couleurs telles que le noir, le gris, le blanc et le beige. Ces teintes permettent de cr\u00e9er une base teint\u00e9e, facile \u00e0 m\u00e9langer avec d&rsquo;autres pi\u00e8ces.<\/p>\n\n\n<h2 class=\"wp-block-heading\">Ajustements et Coupes<\/h2>\n\n\n<p class=\"wp-block-paragraph\">Le fit est essentiel. Privil\u00e9giez des v\u00eatements bien ajust\u00e9s qui mettent en valeur votre silhouette. Que ce soit une <strong>robe cintr\u00e9e<\/strong> ou un <strong>trench-coat<\/strong> l\u00e9g\u00e8rement oversize, il est important de choisir des coupes qui vous vont bien.<\/p>\n\n\n<h2 class=\"wp-block-heading\">Ajouter des Accessoires<\/h2>\n\n\n<p class=\"wp-block-paragraph\">Les <strong>accessoires<\/strong> sont la cl\u00e9 pour parfaire un look parisien. Voici quelques \u00e9l\u00e9ments \u00e0 couper le souffle :<\/p>\n\n\n<ul class=\"wp-block-list\">\n\n<li>Un <strong foulard en soie> nou\u00e9 autour du cou ou attach\u00e9 \u00e0 un sac.<\/strong><\/li>\n\n\n<li>Une <strong>petite paire de lunettes de soleil<\/strong> qui ajoute du myst\u00e8re et du chic.<\/li>\n\n\n<li>Des <strong>bijoux minimalistes<\/strong> comme des boucles d&rsquo;oreilles en or ou une montre raffin\u00e9e.<\/li>\n\n<\/ul>\n\n\n<h2 class=\"wp-block-heading\">Jouer avec les Imprim\u00e9s<\/h2>\n\n\n<p class=\"wp-block-paragraph\">Les <strong>imprim\u00e9s<\/strong> peuvent ajouter une touche de personnalit\u00e9 \u00e0 votre tenue. N&rsquo;ayez pas peur de m\u00e9langer des motifs, comme des <strong>rayures<\/strong> avec des <strong>floraux<\/strong>, tant que la palette de couleurs reste coh\u00e9rente.<\/p>\n\n\n<h2 class=\"wp-block-heading\">Inspirations Quotidiennes<\/h2>\n\n\n<p class=\"wp-block-paragraph\">Enfin, trouvez l&rsquo;inspiration dans votre environnement quotidien. Observez les <strong>Parisiennes<\/strong> dans les caf\u00e9s, les boutiques ou les rues. Leur approche semble souvent sans effort, mais chaque pi\u00e8ce est soigneusement choisie pour cr\u00e9er une harmonie.<\/p>\n\n\n<figure class='wp-block-image size-full'>\n<img width=\"1344\" height=\"768\" src=\"https:\/\/mania-wax.fr\/blog\/wp-content\/uploads\/2024\/12\/Levolution-de-la-mode-francaise-au-fil-des-decennies.png\" class=\"attachment-full size-full\" alt=\"d\u00e9couvrez comment la mode fran\u00e7aise a \u00e9volu\u00e9 \u00e0 travers les d\u00e9cennies, des styles embl\u00e9matiques du pass\u00e9 aux tendances contemporaines. plongez dans l&#039;univers fascinant des cr\u00e9ateurs et des influences qui ont fa\u00e7onn\u00e9 l&#039;identit\u00e9 vestimentaire de la france.\" decoding=\"async\" loading=\"lazy\" \/>\n<\/figure>\n\n\n\n<p class=\"wp-block-paragraph\">La mode parisienne n&rsquo;est pas simplement une question de v\u00eatements, mais un <strong>style de vie<\/strong> profond\u00e9ment ancr\u00e9 dans la <strong>culture<\/strong> et l&rsquo;<strong>histoire<\/strong> de la France. Depuis les somptueuses cr\u00e9ations de la <strong>Haute Couture<\/strong> au d\u00e9but du XXe si\u00e8cle jusqu&rsquo;aux tendances modernes influenc\u00e9es par la diversit\u00e9 et l&rsquo;<strong>, chaque d\u00e9cennie a apport\u00e9 son lot de <strong>transformations<\/strong> et de <strong>r\u00e9inventions<\/strong>.<\/strong><\/p>\n\n\n<p class=\"wp-block-paragraph\">Les ann\u00e9es 1920, avec l&rsquo;\u00e9mancipation des femmes, ont inaugur\u00e9 une \u00e8re de <strong>libert\u00e9<\/strong> et d&rsquo;\u00e9l\u00e9gance, tandis que les ann\u00e9es 1980 ont fait exploser les codes avec des <strong>teintes vives<\/strong> et des silhouettes audacieuses. La mode parisienne est un reflet des <strong>mouvements sociaux<\/strong> et destransitions culturelles qui fa\u00e7onnent le monde, et ces \u00e9volutions sont <strong>indissociables<\/strong> de l&rsquo;identit\u00e9 fran\u00e7aise.<\/p>\n\n\n<p class=\"wp-block-paragraph\">En explorant les <strong>tendances<\/strong> du pass\u00e9, il devient \u00e9vident que la mode est un miroir de la soci\u00e9t\u00e9. Chaque pi\u00e8ce porte en elle une <strong>histoire<\/strong>, une p\u00e9riode, une \u00e9motion. Les v\u00eatements ne sont pas seulement des tissus ; ils sont des <strong>t\u00e9moignages<\/strong> de l&rsquo;\u00e9poque \u00e0 laquelle ils appartiennent.<\/p>\n\n\n<p class=\"wp-block-paragraph\">L&rsquo;influence de la mode parisienne d\u00e9passe les fronti\u00e8res, inspirant des cr\u00e9ateurs du monde entier. Qu&rsquo;il s&rsquo;agisse des <strong>marques embl\u00e9matiques<\/strong> ou des jeunes designers \u00e9mergents, la <strong>capitale de la mode<\/strong> continue de red\u00e9finir les standards et de pousser les limites de la cr\u00e9ativit\u00e9.<\/p>\n\n\n<p class=\"wp-block-paragraph\">\u00c0 travers cette exploration, nous vous encourageons \u00e0 vous plonger davantage dans cet univers fascinant. Assistez \u00e0 des d\u00e9fil\u00e9s, visitez des expos d&rsquo;art et d\u00e9couvrez des cr\u00e9ateurs qui font vibrer le <strong>c\u0153ur de la mode<\/strong> fran\u00e7aise. La qu\u00eate de style n\u2019est jamais finie, et chaque tendance qui \u00e9merge nous permet de mieux comprendre <strong>notre identit\u00e9<\/strong> culturelle et personnelle.<\/p>\n\n\n<figure class=\"wp-block-embed is-type-video is-provider-youtube wp-block-embed-youtube wp-embed-aspect-16-9 wp-has-aspect-ratio\">\n<div class=\"wp-block-embed__wrapper\">\n<iframe loading=\"lazy\" title=\"L&#039;histoire de la mode : Chapitre 1\" width=\"1200\" height=\"675\" src=\"https:\/\/www.youtube.com\/embed\/BzG1H7IE5Os?feature=oembed\" frameborder=\"0\" allow=\"accelerometer; autoplay; clipboard-write; encrypted-media; gyroscope; picture-in-picture; web-share\" referrerpolicy=\"strict-origin-when-cross-origin\" allowfullscreen><\/iframe>\n<\/div>\n<\/figure>\n","protected":false},"excerpt":{"rendered":"","protected":false},"author":34,"featured_media":7243,"comment_status":"open","ping_status":"open","sticky":false,"template":"","format":"standard","meta":{"_acf_changed":false,"manual_indexmenow":false,"indexmenow_id_project":0,"footnotes":""},"categories":[4520],"tags":[],"class_list":["post-7242","post","type-post","status-publish","format-standard","has-post-thumbnail","hentry","category-tendances-mode","generate-columns","tablet-grid-50","mobile-grid-100","grid-parent","grid-25"],"acf":[],"yoast_head":"<!-- This site is optimized with the Yoast SEO Premium plugin v21.3 (Yoast SEO v26.5) - https:\/\/yoast.com\/wordpress\/plugins\/seo\/ -->\n<title>Mode fran\u00e7aise : l&#039;\u00e9volution chic \u00e0 travers les \u00e9poques<\/title>\n<meta name=\"description\" content=\"Voyage \u00e0 travers les \u00e9poques : d\u00e9couvrez l&#039;\u00e9volution chic de la mode fran\u00e7aise et parisienne, du raffinement d&#039;hier aux tendances d&#039;aujourd&#039;hui.\" \/>\n<meta name=\"robots\" content=\"index, follow, max-snippet:-1, max-image-preview:large, max-video-preview:-1\" \/>\n<link rel=\"canonical\" href=\"https:\/\/mania-wax.fr\/blog\/tendances-mode\/levolution-de-la-mode-francaise-au-fil-des-decennies\/\" \/>\n<meta property=\"og:locale\" content=\"fr_FR\" \/>\n<meta property=\"og:type\" content=\"article\" \/>\n<meta property=\"og:title\" content=\"Mode fran\u00e7aise : l&#039;\u00e9volution chic \u00e0 travers les \u00e9poques\" \/>\n<meta property=\"og:description\" content=\"Voyage \u00e0 travers les \u00e9poques : d\u00e9couvrez l&#039;\u00e9volution chic de la mode fran\u00e7aise et parisienne, du raffinement d&#039;hier aux tendances d&#039;aujourd&#039;hui.\" \/>\n<meta property=\"og:url\" content=\"https:\/\/mania-wax.fr\/blog\/tendances-mode\/levolution-de-la-mode-francaise-au-fil-des-decennies\/\" \/>\n<meta property=\"og:site_name\" content=\"mania-wax.\" \/>\n<meta property=\"og:image\" content=\"https:\/\/mania-wax.fr\/blog\/wp-content\/uploads\/2024\/12\/Levolution-de-la-mode-francaise-au-fil-des-decennies-1.png\" \/>\n\t<meta property=\"og:image:width\" content=\"1344\" \/>\n\t<meta property=\"og:image:height\" content=\"768\" \/>\n\t<meta property=\"og:image:type\" content=\"image\/png\" \/>\n<meta name=\"author\" content=\"Lina Mazzoni\" \/>\n<meta name=\"twitter:card\" content=\"summary_large_image\" \/>\n<script type=\"application\/ld+json\" class=\"yoast-schema-graph\">{\"@context\":\"https:\/\/schema.org\",\"@graph\":[{\"@type\":\"NewsArticle\",\"@id\":\"https:\/\/mania-wax.fr\/blog\/tendances-mode\/levolution-de-la-mode-francaise-au-fil-des-decennies\/#article\",\"isPartOf\":{\"@id\":\"https:\/\/mania-wax.fr\/blog\/tendances-mode\/levolution-de-la-mode-francaise-au-fil-des-decennies\/\"},\"author\":{\"name\":\"Lina Mazzoni\",\"@id\":\"https:\/\/mania-wax.fr\/blog\/#\/schema\/person\/3c864cdc320801e3db34b663e7e3f816\"},\"headline\":\"L&rsquo;\u00e9volution de la mode fran\u00e7aise au fil des d\u00e9cennies\",\"datePublished\":\"2024-12-18T07:28:49+00:00\",\"mainEntityOfPage\":{\"@id\":\"https:\/\/mania-wax.fr\/blog\/tendances-mode\/levolution-de-la-mode-francaise-au-fil-des-decennies\/\"},\"wordCount\":1656,\"commentCount\":0,\"publisher\":{\"@id\":\"https:\/\/mania-wax.fr\/blog\/#organization\"},\"image\":{\"@id\":\"https:\/\/mania-wax.fr\/blog\/tendances-mode\/levolution-de-la-mode-francaise-au-fil-des-decennies\/#primaryimage\"},\"thumbnailUrl\":\"https:\/\/mania-wax.fr\/blog\/wp-content\/uploads\/2024\/12\/Levolution-de-la-mode-francaise-au-fil-des-decennies-1.png\",\"articleSection\":[\"Tendances Mode\"],\"inLanguage\":\"fr-FR\",\"potentialAction\":[{\"@type\":\"CommentAction\",\"name\":\"Comment\",\"target\":[\"https:\/\/mania-wax.fr\/blog\/tendances-mode\/levolution-de-la-mode-francaise-au-fil-des-decennies\/#respond\"]}]},{\"@type\":\"WebPage\",\"@id\":\"https:\/\/mania-wax.fr\/blog\/tendances-mode\/levolution-de-la-mode-francaise-au-fil-des-decennies\/\",\"url\":\"https:\/\/mania-wax.fr\/blog\/tendances-mode\/levolution-de-la-mode-francaise-au-fil-des-decennies\/\",\"name\":\"Mode fran\u00e7aise : l'\u00e9volution chic \u00e0 travers les \u00e9poques\",\"isPartOf\":{\"@id\":\"https:\/\/mania-wax.fr\/blog\/#website\"},\"primaryImageOfPage\":{\"@id\":\"https:\/\/mania-wax.fr\/blog\/tendances-mode\/levolution-de-la-mode-francaise-au-fil-des-decennies\/#primaryimage\"},\"image\":{\"@id\":\"https:\/\/mania-wax.fr\/blog\/tendances-mode\/levolution-de-la-mode-francaise-au-fil-des-decennies\/#primaryimage\"},\"thumbnailUrl\":\"https:\/\/mania-wax.fr\/blog\/wp-content\/uploads\/2024\/12\/Levolution-de-la-mode-francaise-au-fil-des-decennies-1.png\",\"datePublished\":\"2024-12-18T07:28:49+00:00\",\"description\":\"Voyage \u00e0 travers les \u00e9poques : d\u00e9couvrez l'\u00e9volution chic de la mode fran\u00e7aise et parisienne, du raffinement d'hier aux tendances d'aujourd'hui.\",\"inLanguage\":\"fr-FR\",\"potentialAction\":[{\"@type\":\"ReadAction\",\"target\":[\"https:\/\/mania-wax.fr\/blog\/tendances-mode\/levolution-de-la-mode-francaise-au-fil-des-decennies\/\"]}]},{\"@type\":\"ImageObject\",\"inLanguage\":\"fr-FR\",\"@id\":\"https:\/\/mania-wax.fr\/blog\/tendances-mode\/levolution-de-la-mode-francaise-au-fil-des-decennies\/#primaryimage\",\"url\":\"https:\/\/mania-wax.fr\/blog\/wp-content\/uploads\/2024\/12\/Levolution-de-la-mode-francaise-au-fil-des-decennies-1.png\",\"contentUrl\":\"https:\/\/mania-wax.fr\/blog\/wp-content\/uploads\/2024\/12\/Levolution-de-la-mode-francaise-au-fil-des-decennies-1.png\",\"width\":1344,\"height\":768,\"caption\":\"d\u00e9couvrez comment la mode fran\u00e7aise a \u00e9volu\u00e9 au fil des d\u00e9cennies, des tendances embl\u00e9matiques des ann\u00e9es 1920 aux cr\u00e9ations contemporaines, en passant par les styles marquants qui ont fa\u00e7onn\u00e9 l'identit\u00e9 culturelle et esth\u00e9tique de la france.\"},{\"@type\":\"WebSite\",\"@id\":\"https:\/\/mania-wax.fr\/blog\/#website\",\"url\":\"https:\/\/mania-wax.fr\/blog\/\",\"name\":\"Mania Wax\",\"description\":\"Mania Wax, la mode qui fait sensation\",\"publisher\":{\"@id\":\"https:\/\/mania-wax.fr\/blog\/#organization\"},\"alternateName\":\"Mania Wax, la mode qui fait sensation\",\"potentialAction\":[{\"@type\":\"SearchAction\",\"target\":{\"@type\":\"EntryPoint\",\"urlTemplate\":\"https:\/\/mania-wax.fr\/blog\/?s={search_term_string}\"},\"query-input\":{\"@type\":\"PropertyValueSpecification\",\"valueRequired\":true,\"valueName\":\"search_term_string\"}}],\"inLanguage\":\"fr-FR\"},{\"@type\":\"Organization\",\"@id\":\"https:\/\/mania-wax.fr\/blog\/#organization\",\"name\":\"Mania Wax\",\"alternateName\":\"Mania Wax\",\"url\":\"https:\/\/mania-wax.fr\/blog\/\",\"logo\":{\"@type\":\"ImageObject\",\"inLanguage\":\"fr-FR\",\"@id\":\"https:\/\/mania-wax.fr\/blog\/#\/schema\/logo\/image\/\",\"url\":\"https:\/\/mania-wax.fr\/blog\/wp-content\/uploads\/2026\/07\/logo-auto.png\",\"contentUrl\":\"https:\/\/mania-wax.fr\/blog\/wp-content\/uploads\/2026\/07\/logo-auto.png\",\"width\":1024,\"height\":1024,\"caption\":\"Mania Wax\"},\"image\":{\"@id\":\"https:\/\/mania-wax.fr\/blog\/#\/schema\/logo\/image\/\"}},{\"@type\":\"Person\",\"@id\":\"https:\/\/mania-wax.fr\/blog\/#\/schema\/person\/3c864cdc320801e3db34b663e7e3f816\",\"name\":\"Lina Mazzoni\",\"image\":{\"@type\":\"ImageObject\",\"inLanguage\":\"fr-FR\",\"@id\":\"https:\/\/mania-wax.fr\/blog\/#\/schema\/person\/image\/\",\"url\":\"https:\/\/mania-wax.fr\/blog\/wp-content\/uploads\/2026\/06\/persona_lina-m-96x96.jpg\",\"contentUrl\":\"https:\/\/mania-wax.fr\/blog\/wp-content\/uploads\/2026\/06\/persona_lina-m-96x96.jpg\",\"caption\":\"Lina Mazzoni\"},\"description\":\"La mode et la beaut\u00e9 m'accompagnent depuis toujours, et j'en ai fait mon m\u00e9tier d'\u00e9ditrice depuis une dizaine d'ann\u00e9es. J'\u00e9cris sur les tendances vestimentaires, la lingerie, les accessoires et les routines beaut\u00e9, avec l'envie d'aider chacune \u00e0 trouver son style plut\u00f4t qu'\u00e0 suivre aveugl\u00e9ment les diktats. J'aime d\u00e9crypter une silhouette, expliquer comment choisir une mati\u00e8re, une coupe ou un soin selon sa morphologie et sa peau, et d\u00e9m\u00ealer le vrai du marketing dans les produits beaut\u00e9. Avant de recommander une pi\u00e8ce ou un cosm\u00e9tique, je v\u00e9rifie la composition, la qualit\u00e9 et le rapport qualit\u00e9-prix, et je teste quand c'est possible. Je tiens \u00e0 un ton inclusif, loin des injonctions et des complexes. Mon angle : la mode comme plaisir et expression de soi, pas comme course \u00e9puisante aux nouveaut\u00e9s. Bien s'habiller, c'est d'abord se sentir bien.\",\"sameAs\":[\"https:\/\/linamazzoni.fr\/\"],\"url\":\"https:\/\/mania-wax.fr\/blog\/auteur\/noname\/\"}]}<\/script>\n<!-- \/ Yoast SEO Premium plugin. -->","yoast_head_json":{"title":"Mode fran\u00e7aise : l'\u00e9volution chic \u00e0 travers les \u00e9poques","description":"Voyage \u00e0 travers les \u00e9poques : d\u00e9couvrez l'\u00e9volution chic de la mode fran\u00e7aise et parisienne, du raffinement d'hier aux tendances d'aujourd'hui.","robots":{"index":"index","follow":"follow","max-snippet":"max-snippet:-1","max-image-preview":"max-image-preview:large","max-video-preview":"max-video-preview:-1"},"canonical":"https:\/\/mania-wax.fr\/blog\/tendances-mode\/levolution-de-la-mode-francaise-au-fil-des-decennies\/","og_locale":"fr_FR","og_type":"article","og_title":"Mode fran\u00e7aise : l'\u00e9volution chic \u00e0 travers les \u00e9poques","og_description":"Voyage \u00e0 travers les \u00e9poques : d\u00e9couvrez l'\u00e9volution chic de la mode fran\u00e7aise et parisienne, du raffinement d'hier aux tendances d'aujourd'hui.","og_url":"https:\/\/mania-wax.fr\/blog\/tendances-mode\/levolution-de-la-mode-francaise-au-fil-des-decennies\/","og_site_name":"mania-wax.","og_image":[{"width":1344,"height":768,"url":"https:\/\/mania-wax.fr\/blog\/wp-content\/uploads\/2024\/12\/Levolution-de-la-mode-francaise-au-fil-des-decennies-1.png","type":"image\/png"}],"author":"Lina Mazzoni","twitter_card":"summary_large_image","schema":{"@context":"https:\/\/schema.org","@graph":[{"@type":"NewsArticle","@id":"https:\/\/mania-wax.fr\/blog\/tendances-mode\/levolution-de-la-mode-francaise-au-fil-des-decennies\/#article","isPartOf":{"@id":"https:\/\/mania-wax.fr\/blog\/tendances-mode\/levolution-de-la-mode-francaise-au-fil-des-decennies\/"},"author":{"name":"Lina Mazzoni","@id":"https:\/\/mania-wax.fr\/blog\/#\/schema\/person\/3c864cdc320801e3db34b663e7e3f816"},"headline":"L&rsquo;\u00e9volution de la mode fran\u00e7aise au fil des d\u00e9cennies","datePublished":"2024-12-18T07:28:49+00:00","mainEntityOfPage":{"@id":"https:\/\/mania-wax.fr\/blog\/tendances-mode\/levolution-de-la-mode-francaise-au-fil-des-decennies\/"},"wordCount":1656,"commentCount":0,"publisher":{"@id":"https:\/\/mania-wax.fr\/blog\/#organization"},"image":{"@id":"https:\/\/mania-wax.fr\/blog\/tendances-mode\/levolution-de-la-mode-francaise-au-fil-des-decennies\/#primaryimage"},"thumbnailUrl":"https:\/\/mania-wax.fr\/blog\/wp-content\/uploads\/2024\/12\/Levolution-de-la-mode-francaise-au-fil-des-decennies-1.png","articleSection":["Tendances Mode"],"inLanguage":"fr-FR","potentialAction":[{"@type":"CommentAction","name":"Comment","target":["https:\/\/mania-wax.fr\/blog\/tendances-mode\/levolution-de-la-mode-francaise-au-fil-des-decennies\/#respond"]}]},{"@type":"WebPage","@id":"https:\/\/mania-wax.fr\/blog\/tendances-mode\/levolution-de-la-mode-francaise-au-fil-des-decennies\/","url":"https:\/\/mania-wax.fr\/blog\/tendances-mode\/levolution-de-la-mode-francaise-au-fil-des-decennies\/","name":"Mode fran\u00e7aise : l'\u00e9volution chic \u00e0 travers les \u00e9poques","isPartOf":{"@id":"https:\/\/mania-wax.fr\/blog\/#website"},"primaryImageOfPage":{"@id":"https:\/\/mania-wax.fr\/blog\/tendances-mode\/levolution-de-la-mode-francaise-au-fil-des-decennies\/#primaryimage"},"image":{"@id":"https:\/\/mania-wax.fr\/blog\/tendances-mode\/levolution-de-la-mode-francaise-au-fil-des-decennies\/#primaryimage"},"thumbnailUrl":"https:\/\/mania-wax.fr\/blog\/wp-content\/uploads\/2024\/12\/Levolution-de-la-mode-francaise-au-fil-des-decennies-1.png","datePublished":"2024-12-18T07:28:49+00:00","description":"Voyage \u00e0 travers les \u00e9poques : d\u00e9couvrez l'\u00e9volution chic de la mode fran\u00e7aise et parisienne, du raffinement d'hier aux tendances d'aujourd'hui.","inLanguage":"fr-FR","potentialAction":[{"@type":"ReadAction","target":["https:\/\/mania-wax.fr\/blog\/tendances-mode\/levolution-de-la-mode-francaise-au-fil-des-decennies\/"]}]},{"@type":"ImageObject","inLanguage":"fr-FR","@id":"https:\/\/mania-wax.fr\/blog\/tendances-mode\/levolution-de-la-mode-francaise-au-fil-des-decennies\/#primaryimage","url":"https:\/\/mania-wax.fr\/blog\/wp-content\/uploads\/2024\/12\/Levolution-de-la-mode-francaise-au-fil-des-decennies-1.png","contentUrl":"https:\/\/mania-wax.fr\/blog\/wp-content\/uploads\/2024\/12\/Levolution-de-la-mode-francaise-au-fil-des-decennies-1.png","width":1344,"height":768,"caption":"d\u00e9couvrez comment la mode fran\u00e7aise a \u00e9volu\u00e9 au fil des d\u00e9cennies, des tendances embl\u00e9matiques des ann\u00e9es 1920 aux cr\u00e9ations contemporaines, en passant par les styles marquants qui ont fa\u00e7onn\u00e9 l'identit\u00e9 culturelle et esth\u00e9tique de la france."},{"@type":"WebSite","@id":"https:\/\/mania-wax.fr\/blog\/#website","url":"https:\/\/mania-wax.fr\/blog\/","name":"Mania Wax","description":"Mania Wax, la mode qui fait sensation","publisher":{"@id":"https:\/\/mania-wax.fr\/blog\/#organization"},"alternateName":"Mania Wax, la mode qui fait sensation","potentialAction":[{"@type":"SearchAction","target":{"@type":"EntryPoint","urlTemplate":"https:\/\/mania-wax.fr\/blog\/?s={search_term_string}"},"query-input":{"@type":"PropertyValueSpecification","valueRequired":true,"valueName":"search_term_string"}}],"inLanguage":"fr-FR"},{"@type":"Organization","@id":"https:\/\/mania-wax.fr\/blog\/#organization","name":"Mania Wax","alternateName":"Mania Wax","url":"https:\/\/mania-wax.fr\/blog\/","logo":{"@type":"ImageObject","inLanguage":"fr-FR","@id":"https:\/\/mania-wax.fr\/blog\/#\/schema\/logo\/image\/","url":"https:\/\/mania-wax.fr\/blog\/wp-content\/uploads\/2026\/07\/logo-auto.png","contentUrl":"https:\/\/mania-wax.fr\/blog\/wp-content\/uploads\/2026\/07\/logo-auto.png","width":1024,"height":1024,"caption":"Mania Wax"},"image":{"@id":"https:\/\/mania-wax.fr\/blog\/#\/schema\/logo\/image\/"}},{"@type":"Person","@id":"https:\/\/mania-wax.fr\/blog\/#\/schema\/person\/3c864cdc320801e3db34b663e7e3f816","name":"Lina Mazzoni","image":{"@type":"ImageObject","inLanguage":"fr-FR","@id":"https:\/\/mania-wax.fr\/blog\/#\/schema\/person\/image\/","url":"https:\/\/mania-wax.fr\/blog\/wp-content\/uploads\/2026\/06\/persona_lina-m-96x96.jpg","contentUrl":"https:\/\/mania-wax.fr\/blog\/wp-content\/uploads\/2026\/06\/persona_lina-m-96x96.jpg","caption":"Lina Mazzoni"},"description":"La mode et la beaut\u00e9 m'accompagnent depuis toujours, et j'en ai fait mon m\u00e9tier d'\u00e9ditrice depuis une dizaine d'ann\u00e9es. J'\u00e9cris sur les tendances vestimentaires, la lingerie, les accessoires et les routines beaut\u00e9, avec l'envie d'aider chacune \u00e0 trouver son style plut\u00f4t qu'\u00e0 suivre aveugl\u00e9ment les diktats. J'aime d\u00e9crypter une silhouette, expliquer comment choisir une mati\u00e8re, une coupe ou un soin selon sa morphologie et sa peau, et d\u00e9m\u00ealer le vrai du marketing dans les produits beaut\u00e9. Avant de recommander une pi\u00e8ce ou un cosm\u00e9tique, je v\u00e9rifie la composition, la qualit\u00e9 et le rapport qualit\u00e9-prix, et je teste quand c'est possible. Je tiens \u00e0 un ton inclusif, loin des injonctions et des complexes. Mon angle : la mode comme plaisir et expression de soi, pas comme course \u00e9puisante aux nouveaut\u00e9s. Bien s'habiller, c'est d'abord se sentir bien.","sameAs":["https:\/\/linamazzoni.fr\/"],"url":"https:\/\/mania-wax.fr\/blog\/auteur\/noname\/"}]}},"_links":{"self":[{"href":"https:\/\/mania-wax.fr\/blog\/wp-json\/wp\/v2\/posts\/7242","targetHints":{"allow":["GET"]}}],"collection":[{"href":"https:\/\/mania-wax.fr\/blog\/wp-json\/wp\/v2\/posts"}],"about":[{"href":"https:\/\/mania-wax.fr\/blog\/wp-json\/wp\/v2\/types\/post"}],"author":[{"embeddable":true,"href":"https:\/\/mania-wax.fr\/blog\/wp-json\/wp\/v2\/users\/34"}],"replies":[{"embeddable":true,"href":"https:\/\/mania-wax.fr\/blog\/wp-json\/wp\/v2\/comments?post=7242"}],"version-history":[{"count":0,"href":"https:\/\/mania-wax.fr\/blog\/wp-json\/wp\/v2\/posts\/7242\/revisions"}],"wp:featuredmedia":[{"embeddable":true,"href":"https:\/\/mania-wax.fr\/blog\/wp-json\/wp\/v2\/media\/7243"}],"wp:attachment":[{"href":"https:\/\/mania-wax.fr\/blog\/wp-json\/wp\/v2\/media?parent=7242"}],"wp:term":[{"taxonomy":"category","embeddable":true,"href":"https:\/\/mania-wax.fr\/blog\/wp-json\/wp\/v2\/categories?post=7242"},{"taxonomy":"post_tag","embeddable":true,"href":"https:\/\/mania-wax.fr\/blog\/wp-json\/wp\/v2\/tags?post=7242"}],"curies":[{"name":"wp","href":"https:\/\/api.w.org\/{rel}","templated":true}]}}