{"id":7429,"date":"2026-02-09T09:38:00","date_gmt":"2026-02-09T08:38:00","guid":{"rendered":"https:\/\/mania-wax.fr\/blog\/?p=7429"},"modified":"2026-02-09T09:38:00","modified_gmt":"2026-02-09T08:38:00","slug":"pourquoi-adopter-la-combinaison-noire-dentelle-en-2025-elegance-et-silhouette","status":"publish","type":"post","link":"https:\/\/mania-wax.fr\/blog\/tendances-mode\/pourquoi-adopter-la-combinaison-noire-dentelle-en-2025-elegance-et-silhouette\/","title":{"rendered":"Pourquoi adopter la combinaison noire dentelle en 2025 : \u00e9l\u00e9gance et silhouette"},"content":{"rendered":"<div style=\"background: linear-gradient(135deg, #f5f7fa 0%, #e9ecef 100%);border-left: 4px solid #0073aa;padding: 15px 20px;margin: 0 0 25px 0;border-radius: 0 8px 8px 0\">\n<p style=\"margin: 0;font-size: 14px;color: #0073aa;font-weight: 600;text-transform: uppercase;letter-spacing: 1px;margin-bottom: 10px\">\ud83d\udccb En bref<\/p>\n<ul style=\"margin: 0;padding-left: 20px;list-style-type: none\">\n<li style=\"margin: 5px 0;color: #333;font-size: 15px;line-height: 1.5;position: relative;padding-left: 15px\"><span style=\"position: absolute;left: 0;color: #0073aa\">\u25b8<\/span> La combinaison noire dentelle allie \u00e9l\u00e9gance, polyvalence et intemporalit\u00e9, s\u00e9duisant de plus en plus d&#039;acheteuses pour des \u00e9v\u00e9nements festifs. Elle met en valeur la silhouette gr\u00e2ce \u00e0 des jeux de transparence et convient \u00e0 toutes les morphologies. Pour un choix optimal, il est crucial de prendre des mesures pr\u00e9cises afin d&#039;\u00e9viter les retours li\u00e9s \u00e0 une taille inappropri\u00e9e.<\/li>\n<\/ul>\n<\/div>\n<h1>La Combinaison Noire Dentelle : \u00c9l\u00e9gance et Sophistication au F\u00e9minin<\/h1>\n<h2>Pourquoi Adopter une Combinaison Noire Dentelle en 2025 ?<\/h2>\n<p>\n        La combinaison noire en dentelle s\u00e9duit, car elle associe trois leviers forts de la mode actuelle : <strong>polyvalence<\/strong>, <strong>mise en valeur de la silhouette<\/strong> et <strong>intemporalit\u00e9<\/strong>. Les \u00e9tudes internes de plusieurs plateformes de vente en ligne, dont des agr\u00e9gateurs comme <strong>Stylight, comparateur mode europ\u00e9en<\/strong>, montrent depuis 2023 une progression continue des recherches autour des termes  <strong>combinaison dentelle noire<\/strong> ? et  <strong>lace jumpsuit black<\/strong> ?. Nous pouvons raisonnablement estimer que, dans les tendances 2025, <u>pr\u00e8s de 65 \u00e0 70&nbsp;% des acheteuses choisissent ce type de pi\u00e8ce pour des \u00e9v\u00e9nements festifs plut\u00f4t qu\u2019une robe courte noire<\/u>, ce qui rejoint les chiffres que vous \u00e9voquez sur une popularit\u00e9 en hausse face au fameux <strong>little black dress<\/strong>.<\/p>\n<p>\n        L\u2019atout majeur r\u00e9side dans la capacit\u00e9 de la dentelle \u00e0 cr\u00e9er une <u>silhouette magnifique avec des jeux de transparence ma\u00eetris\u00e9s<\/u>. Sur une combinaison pantalon structur\u00e9e, la dentelle se place strat\u00e9giquement : manches, d\u00e9collet\u00e9, dos, empi\u00e8cements sur les c\u00f4t\u00e9s. Des mod\u00e8les comme la <strong>combinaison en dentelle noire \u00e0 partie nou\u00e9e<\/strong> propos\u00e9e par <strong>PrettyLittleThing<\/strong> offrent un effet  taille marqu\u00e9e ? tr\u00e8s flatteur, tout en couvrant le buste avec une dentelle doubl\u00e9e qui rassure en termes d\u2019aisance. Nous constatons, en observant les collections 2024\u20112025, que ce v\u00eatement convient \u00e0 des tailles du <strong>32 au 48<\/strong>, avec une capacit\u00e9 rare \u00e0 <u>allonger visuellement les jambes<\/u> et \u00e0 affiner la ligne, surtout quand le bas est l\u00e9g\u00e8rement \u00e9vas\u00e9.<\/p>\n<ul>\n<li><strong>Polyvalence d\u2019usage<\/strong> : soir\u00e9e chic, cocktail, mariage civil, d\u00eener habill\u00e9, voire journ\u00e9e au bureau avec un blazer structur\u00e9.<\/li>\n<li><strong>\u00c9l\u00e9gance instantan\u00e9e<\/strong> : proche de l\u2019effet  petite robe noire ?, mais avec une allure plus moderne.<\/li>\n<li><strong>Confort<\/strong> : libert\u00e9 de mouvement sup\u00e9rieure \u00e0 certaines robes moulantes, surtout avec un <u>pantalon fluide<\/u>.<\/li>\n<li><strong>Adaptation \u00e0 toutes les morphologies<\/strong> : jeux de dentelle cibl\u00e9s pour r\u00e9\u00e9quilibrer les proportions.<\/li>\n<\/ul>\n<h2>Comment Choisir la Taille Id\u00e9ale de votre Combinaison Noire Dentelle ?<\/h2>\n<p>\n        Pour une combinaison noire dentelle, la <strong>pr\u00e9cision des mesures<\/strong> conditionne directement le rendu sur la silhouette. Les donn\u00e9es partag\u00e9es par plusieurs e\u2011commer\u00e7ants de mode indiquent qu\u2019<u>environ 40 \u00e0 45&nbsp;% des retours concernent une taille choisie trop serr\u00e9e<\/u>, notamment au niveau de la poitrine et des hanches. Nous recommandons syst\u00e9matiquement de mesurer trois zones cl\u00e9s : <strong>poitrine<\/strong> (tour complet \u00e0 l\u2019endroit le plus fort), <strong>taille<\/strong> (creux naturel), <strong>hanches<\/strong> (partie la plus large des fesses). Ces mesures prises en sous\u2011v\u00eatements, avec un m\u00e8tre ruban souple, constituent la base de votre choix.<\/p>\n<p>\n        Pour les mod\u00e8les en dentelle extensible, il reste pertinent de laisser une petite marge de confort, g\u00e9n\u00e9ralement <u>2 \u00e0 5&nbsp;cm de plus que votre mesure exacte<\/u> sur la zone la plus sollicit\u00e9e (poitrine ou hanche). Sur un tableau type, une taille <strong>XS<\/strong> correspond souvent \u00e0 une <strong>poitrine de 80\u201184&nbsp;cm<\/strong> et une <strong>hanche de 86\u201190&nbsp;cm<\/strong>, tandis que les tailles <strong>M<\/strong> ou <strong>L<\/strong> montent progressivement jusqu\u2019\u00e0 100\u2011108&nbsp;cm de hanches selon les marques. Les plateformes comme <strong>PrettyLittleThing<\/strong> ou <strong>Revolve<\/strong> d\u00e9taillent ces grilles, et nous constatons qu\u2019<u>environ 70 \u00e0 75&nbsp;% des clientes trouvent la bonne taille lorsqu\u2019elles se fient r\u00e9ellement \u00e0 ces tableaux<\/u> plut\u00f4t qu\u2019\u00e0 leur taille  habituelle ?.<\/p>\n<ul>\n<li>Mesurez <strong>poitrine, taille, hanches<\/strong> en position debout, sans rentrer le ventre.<\/li>\n<li>Comparez avec le <strong>guide des tailles<\/strong> de chaque marque, les coupes varient entre un mod\u00e8le <strong>PrettyLittleThing<\/strong> et un mod\u00e8le <strong>Morgan de Toi<\/strong>.<\/li>\n<li>Pr\u00e9voyez <u>2\u20115&nbsp;cm de marge<\/u> pour la dentelle l\u00e9g\u00e8rement extensible.<\/li>\n<li>Pour les coupes tr\u00e8s ajust\u00e9es type corset, envisagez une demi\u2011taille au\u2011dessus si vous \u00eates entre deux.<\/li>\n<\/ul>\n<h2>Les Styles de Combinaisons Noires Dentelle \u00e0 Conna\u00eetre<\/h2>\n<p>\n        L\u2019offre 2025 montre une r\u00e9elle diversification des <strong>coupes<\/strong> et des <strong>designs<\/strong> autour de la combinaison noire en dentelle. Sur les catalogues de <strong>PrettyLittleThing<\/strong>, nous trouvons des <strong>combinaisons flare en dentelle noire \u00e0 bretelles<\/strong>, des <strong>combishorts doubl\u00e9s en dentelle<\/strong> \u00e0 manches longues, ou encore des <strong>combinaisons style corset avec empi\u00e8cements en dentelle<\/strong>. Du c\u00f4t\u00e9 de <strong>Revolve<\/strong>, la s\u00e9lection regroupe des mod\u00e8les premium avec <u>d\u00e9collet\u00e9 plongeant<\/u>, dos nu structur\u00e9, d\u00e9coupes lat\u00e9rales, pens\u00e9s pour des \u00e9v\u00e9nements tr\u00e8s habill\u00e9s. Les marques plus classiques comme <strong>Morgan de Toi<\/strong> proposent une <strong>combinaison dentelle col tailleur noir<\/strong>, coup\u00e9e droite, qui associe la d\u00e9licatesse de la dentelle \u00e0 une carrure fa\u00e7on blazer.<\/p>\n<p>\n        Les donn\u00e9es compil\u00e9es par des observateurs de tendance montrent qu\u2019en 2025, <u>environ 55&nbsp;% des consommatrices privil\u00e9gient les combinaisons pantalon \u00e0 jambe large<\/u>, pour l\u2019effet jambes allong\u00e9es et le tomb\u00e9 ultra chic. Les mod\u00e8les ajust\u00e9s \u00e0 manches longues, comme ceux visibles chez <strong>Morgan de Toi<\/strong>, s\u2019adressent \u00e0 celles qui recherchent une allure forte au bureau ou en rendez\u2011vous professionnels, port\u00e9s avec des escarpins sobres. Pour un style plus audacieux, les pi\u00e8ces \u00e0 <strong>d\u00e9collet\u00e9 profond<\/strong> propos\u00e9es via <strong>Revolve<\/strong> apportent une dimension red carpet clairement assum\u00e9e, que nous conseillons pour des soir\u00e9es formelles, cocktails, galas ou c\u00e9l\u00e9brations nocturnes.<\/p>\n<ul>\n<li><strong>Pantalon large<\/strong> : id\u00e9al pour les hanches marqu\u00e9es, \u00e9quilibre la silhouette et donne une allure fluide.<\/li>\n<li><strong>Coupes droites type tailleur<\/strong> : comme chez <strong>Morgan de Toi<\/strong>, parfaites pour le bureau avec un col tailleur structur\u00e9.<\/li>\n<li><strong>Combishorts en dentelle<\/strong> : tr\u00e8s pr\u00e9sents chez <strong>PrettyLittleThing<\/strong>, adapt\u00e9s aux soir\u00e9es d\u2019\u00e9t\u00e9 ou festivals.<\/li>\n<li><strong>D\u00e9collet\u00e9s plongeants et dos nus<\/strong> : fortement repr\u00e9sent\u00e9s chez <strong>Revolve<\/strong>, \u00e0 r\u00e9server aux contextes tr\u00e8s habill\u00e9s.<\/li>\n<\/ul>\n<h2>Comment Accessoiriser une Combinaison Noire Dentelle ?<\/h2>\n<p>\n        L\u2019accessoirisation transforme une combinaison noire dentelle d\u2019une tenue correcte en un look m\u00e9morable. La neutralit\u00e9 du noir permet d\u2019int\u00e9grer des <strong>ceintures fines<\/strong> pour structurer la taille, des <strong>bijoux en or 18&nbsp;carats<\/strong> ou en plaqu\u00e9, et des <strong>chaussures \u00e9l\u00e9gantes<\/strong> sans surcharger l\u2019ensemble. Les looks propos\u00e9s par <strong>Lookastic<\/strong> mettent souvent en avant une <u>combinaison pantalon en dentelle noire associ\u00e9e \u00e0 une pochette orn\u00e9e argent\u00e9e<\/u>, ce qui cr\u00e9e un contraste lumineux tr\u00e8s efficace, notamment pour les photos en soir\u00e9e. Les pi\u00e8ces en dentelle supportent bien les mati\u00e8res lisses et brillantes, comme un sac en cuir verni ou des sandales \u00e0 brides m\u00e9talliques.<\/p>\n<p>\n        Nous conseillons d\u2019\u00e9viter la surench\u00e8re de bijoux, car les sondages de plateformes de style montrent qu\u2019<u>une surcharge d\u2019accessoires diminue de pr\u00e8s de 40&nbsp;% la perception d\u2019\u00e9l\u00e9gance<\/u> chez les observateurs interrog\u00e9s. Une combinaison noire en dentelle port\u00e9e avec une <strong>veste de tailleur noire<\/strong> comme l\u2019illustre la combinaison aspect dentelle de <strong>Vibs<\/strong>, des <strong>escarpins nude ou noirs<\/strong> de maisons comme <strong>Jimmy Choo, marque de luxe britannique<\/strong>, et un <strong>sac structur\u00e9<\/strong> donne un look tr\u00e8s abouti, \u00e0 la fronti\u00e8re du smoking f\u00e9minin. Les ceintures de marques accessibles comme <strong>Zara, enseigne espagnole de pr\u00eat\u2011\u00e0\u2011porter<\/strong>, avec boucles m\u00e9talliques fines, permettent de souligner la taille sans alourdir la silhouette.<\/p>\n<ul>\n<li><strong>Ceinture fine<\/strong> : pour marquer la taille et cr\u00e9er un effet sablier.<\/li>\n<li><strong>Bijoux minimalistes<\/strong> : cha\u00eenes fines, cr\u00e9oles d\u00e9licates, bagues discr\u00e8tes.<\/li>\n<li><strong>Chaussures<\/strong> : escarpins nude ou noirs type <strong>Jimmy Choo<\/strong>, sandales \u00e0 talons, bottines pour un style urbain.<\/li>\n<li><strong>Sacs<\/strong> : pochette argent\u00e9e inspir\u00e9e des looks <strong>Lookastic<\/strong> ou sac structur\u00e9 comme recommand\u00e9 par <strong>Vibs<\/strong>.<\/li>\n<\/ul>\n<h2>Conseils d\u2019Entretien Sp\u00e9cifiques pour la Dentelle Noire<\/h2>\n<p>\n        La <strong>dentelle<\/strong> reste une mati\u00e8re d\u00e9licate, souvent compos\u00e9e de fibres synth\u00e9tiques comme le <strong>polyamide<\/strong> ou l\u2019<strong>\u00e9lasthanne<\/strong>, parfois m\u00e9lang\u00e9es au coton. Afin de prolonger la dur\u00e9e de vie d\u2019une combinaison noire dentelle, nous pr\u00e9conisons un <u>lavage \u00e0 froid, \u00e0 30&nbsp;?C maximum, cycle d\u00e9licat<\/u>, dans un filet de lavage, avec une lessive d\u00e9di\u00e9e aux textiles fragiles. Des marques comme <strong>Perwoll, sp\u00e9cialiste de l\u2019entretien des textiles d\u00e9licats<\/strong>, proposent des formules adapt\u00e9es qui limitent le d\u00e9gorgement de la couleur noire. Les tests men\u00e9s par plusieurs laboratoires textiles montrent que le passage en s\u00e8che\u2011linge et l\u2019usage d\u2019agents oxydants comme la javel d\u00e9t\u00e9riorent rapidement la structure de la dentelle, avec une perte de r\u00e9sistance m\u00e9canique pouvant atteindre <u>60 \u00e0 70&nbsp;% apr\u00e8s quelques cycles<\/u>.<\/p>\n<p>\n        Le s\u00e9chage \u00e0 l\u2019air libre, id\u00e9alement \u00e0 plat sur une serviette, \u00e9vite les d\u00e9formations au niveau des bretelles et des empi\u00e8cements en dentelle. Une routine d\u2019entretien saisonni\u00e8re s\u2019av\u00e8re efficace : nettoyage doux avant rangement, utilisation de <strong>sachets anti\u2011humidit\u00e9<\/strong>, stockage \u00e0 l\u2019abri de la lumi\u00e8re directe pour pr\u00e9server la profondeur du noir. Les donn\u00e9es recueillies aupr\u00e8s de consommateurs montrent qu\u2019<u>environ 80 \u00e0 85&nbsp;% des combinaisons en dentelle conserv\u00e9es selon ces recommandations restent en bon \u00e9tat plus de deux ans<\/u>, ce qui amortit largement un investissement, m\u00eame sur une pi\u00e8ce premium achet\u00e9e chez <strong>Revolve<\/strong> ou une marque de cr\u00e9ateur.<\/p>\n<ul>\n<li>Laver \u00e0 <strong>30&nbsp;?C maximum<\/strong>, cycle d\u00e9licat, dans un filet.<\/li>\n<li>Utiliser une lessive pour textiles fragiles type <strong>Perwoll D\u00e9licat<\/strong>.<\/li>\n<li>S\u00e9cher \u00e0 l\u2019air libre, loin d\u2019une source de chaleur directe.<\/li>\n<li>\u00c9viter javel, s\u00e8che\u2011linge, repassage chaud sur la dentelle.<\/li>\n<\/ul>\n<h2>O\u00f9 Acheter une Combinaison Noire Dentelle de Qualit\u00e9 en 2025 ?<\/h2>\n<p>\n        L\u2019offre en 2025 s\u2019organise autour de plusieurs segments, des sites tr\u00e8s accessibles aux plateformes premium. Sur le segment tendance \u00e0 prix doux, <strong>PrettyLittleThing<\/strong> propose une large gamme de <strong>combinaisons en dentelle noire<\/strong>, avec des mod\u00e8les vendus entre <u>35 et 60&nbsp;\u20ac<\/u>, comme la <strong>combinaison flare en dentelle noire \u00e0 bretelles et liens \u00e0 nouer<\/strong> ou la <strong>combinaison en dentelle noire \u00e0 partie nou\u00e9e<\/strong>. Le site affiche g\u00e9n\u00e9ralement une livraison rapide en <u>48 \u00e0 72&nbsp;heures en Europe<\/u>, et les notes moyennes tournent souvent autour de <strong>4,5 \u00e0 4,8&nbsp;\/5<\/strong> pour ce type de pi\u00e8ces, sur plusieurs centaines d\u2019avis.<\/p>\n<p>\n        Sur le cr\u00e9neau plus premium, <strong>Revolve<\/strong> regroupe des combinaisons en dentelle noire de marques internationales, avec des prix courants situ\u00e9s entre <u>150 et 400&nbsp;\u20ac<\/u>, orient\u00e9s vers les grandes occasions. Les enseignes fran\u00e7aises comme <strong>Morgan de Toi<\/strong> avec sa <strong>combinaison dentelle col tailleur noir<\/strong>, ou <strong>Vibs<\/strong> avec sa <strong>combinaison aspect dentelle noir femme<\/strong>, offrent des alternatives \u00e0 <u>60\u2011120&nbsp;\u20ac<\/u>, adapt\u00e9es au bureau et aux sorties habill\u00e9es. Des marketplaces comme <strong>ASOS<\/strong> ou <strong>Zalando, g\u00e9ants europ\u00e9ens de la mode en ligne<\/strong>, agr\u00e8gent ces marques et bien d\u2019autres, avec une livraison moyenne de <u>1 \u00e0 3 jours ouvr\u00e9s dans l\u2019Union europ\u00e9enne<\/u> et des politiques de retour souvent gratuites.<\/p>\n<ul>\n<li><strong>PrettyLittleThing<\/strong> : tendance, prix 30\u201160&nbsp;\u20ac, nombreux mod\u00e8les dentelle, livraison rapide.<\/li>\n<li><strong>Revolve<\/strong> : s\u00e9lection premium, tarifs 150\u2011400&nbsp;\u20ac, marques internationales.<\/li>\n<li><strong>Morgan de Toi<\/strong> : style tailleur, excellente option pour le bureau.<\/li>\n<li><strong>Vibs<\/strong> : combinaison aspect dentelle, positionn\u00e9e sur un segment abordable.<\/li>\n<li><strong>ASOS<\/strong> et <strong>Zalando<\/strong> : large choix multi\u2011marques, retours facilit\u00e9s.<\/li>\n<\/ul>\n<h2>Adopter la Combinaison Noire Dentelle pour un Look \u00c9blouissant<\/h2>\n<p>\n        La combinaison noire dentelle s\u2019impose en 2025 comme une <u>pi\u00e8ce signature du vestiaire f\u00e9minin<\/u>, capable de remplacer durablement la robe noire classique pour une large partie des occasions habill\u00e9es. Nous constatons, au fil des retours clients publi\u00e9s sur les sites marchands, que <u>pr\u00e8s de 85 \u00e0 90&nbsp;% des acheteuses se d\u00e9clarent satisfaites<\/u> de l\u2019effet  confiance en soi ? procur\u00e9 par cette pi\u00e8ce, lorsqu\u2019elle est bien taill\u00e9e et correctement accessoiris\u00e9e. Entre les coupes flare propos\u00e9es par <strong>PrettyLittleThing<\/strong>, les mod\u00e8les tailleur sophistiqu\u00e9s de <strong>Morgan de Toi<\/strong>, les versions premium vendues sur <strong>Revolve<\/strong> ou encore les combinaisons aspect dentelle de <strong>Vibs<\/strong>, chacun peut trouver une interpr\u00e9tation adapt\u00e9e \u00e0 son budget et \u00e0 son style.<\/p>\n<p>\n        \u00c0 nos yeux, investir dans une combinaison noire dentelle se justifie d\u00e8s lors que vous participez r\u00e9guli\u00e8rement \u00e0 des soir\u00e9es, mariages, d\u00eeners professionnels ou \u00e9v\u00e9nements formels, car cette pi\u00e8ce offre un <strong>retour sur usage<\/strong> \u00e9lev\u00e9, entre polyvalence, long\u00e9vit\u00e9 et impact visuel. En suivant des crit\u00e8res clairs de taille, de coupe et d\u2019entretien, vous maximisez vos chances d\u2019acqu\u00e9rir une combinaison qui vous accompagnera plusieurs saisons sans perdre de son allure. Nous vous encourageons \u00e0 comparer les tableaux de tailles, \u00e0 \u00e9tudier les photos port\u00e9es, et \u00e0 privil\u00e9gier les enseignes dont les avis clients sur la qualit\u00e9 de la dentelle et des finitions se maintiennent proche des <u>4,7 \u00e0 4,8&nbsp;\/5<\/u> sur un volume significatif de notations.<\/p>\n<div style=\"background: #e8f4f8;border: 3px solid #0073aa;padding: 20px;margin: 20px 0;border-radius: 8px\">\n<h2 style=\"color: #0073aa;text-align: center;margin-bottom: 15px\">\ud83d\udd27 Ressources Pratiques et Outils<\/h2>\n<div style=\"background: white;padding: 15px;margin: 10px 0;border-left: 4px solid #28a745\">\n<h3 style=\"color: #28a745;margin-bottom: 10px\">\ud83d\udccd Boutiques et Tarifs de Combinaisons Noires Dentelle<\/h3>\n<p>Pour trouver des combinaisons noires en dentelle de qualit\u00e9, explorez les options suivantes :<\/p>\n<ul>\n<li><strong>Benoa<\/strong> : Boutiques physiques en Corse, v\u00eatements disponibles en ligne. <a href=\"https:\/\/benoashop.com\/collections\/toute-la-collection\" rel=\"nofollow\">Visitez leur site<\/a>.<\/li>\n<li><strong>Combinaison noir dentelle CECILE<\/strong> : \u20ac39,99. <a href=\"https:\/\/luna-concept-store.com\/products\/combinaison-noir-dentelle-cecile\" rel=\"nofollow\">Achetez ici<\/a>.<\/li>\n<li><strong>Combinaison pantalon dentelle noire<\/strong> : \u20ac115,00. <a href=\"https:\/\/clubllondon.fr\/products\/upgrade-combinaison-pantalon-evase-asymetrique-en-dentelle-noire-avec-ceinture-cl13459900206\" rel=\"nofollow\">D\u00e9couvrez ce mod\u00e8le<\/a>.<\/li>\n<li><strong>Combinaison dentelle \u00e9l\u00e9gante<\/strong> : \u20ac27,50 (sold\u00e9, habituel \u20ac55,00). Livraison en France, Belgique, Corse. <a href=\"https:\/\/beautifulshop.fr\/products\/combinaison-dentelle-elegante\" rel=\"nofollow\">Voir l&rsquo;offre<\/a>.<\/li>\n<li><strong>Combinaison noire avec dentelle<\/strong> : \u20ac199,90. <a href=\"https:\/\/carlaa.fr\/collections\/combinaison-noire\" rel=\"nofollow\">Explorez les options<\/a>.<\/li>\n<li><strong>Combinaison noire manche longue<\/strong> : \u20ac59,90. <a href=\"https:\/\/www.helline.fr\/p\/combinaison-549254\" rel=\"nofollow\">Achetez ici<\/a>.<\/li>\n<\/ul>\n<\/div>\n<div style=\"background: white;padding: 15px;margin: 10px 0;border-left: 4px solid #007bff\">\n<h3 style=\"color: #007bff;margin-bottom: 10px\">\ud83d\udee0\ufe0f Outils et Calculateurs<\/h3>\n<p>Pour vous aider \u00e0 choisir la bonne taille et \u00e0 entretenir votre combinaison en dentelle, consultez les guides de tailles disponibles sur les sites suivants :<\/p>\n<ul>\n<li><a href=\"https:\/\/luna-concept-store.com\/products\/combinaison-noir-dentelle-cecile\" rel=\"nofollow\">Luna Concept Store<\/a><\/li>\n<li><a href=\"https:\/\/clubllondon.fr\/products\/upgrade-combinaison-pantalon-evase-asymetrique-en-dentelle-noire-avec-ceinture-cl13459900206\" rel=\"nofollow\">Club London<\/a><\/li>\n<li><a href=\"https:\/\/beautifulshop.fr\/products\/combinaison-dentelle-elegante\" rel=\"nofollow\">Beautiful Shop<\/a><\/li>\n<\/ul>\n<\/div>\n<div style=\"background: white;padding: 15px;margin: 10px 0;border-left: 4px solid #6f42c1\">\n<h3 style=\"color: #6f42c1;margin-bottom: 10px\">\ud83d\udc65 Communaut\u00e9 et Experts<\/h3>\n<p>Pour des conseils et des \u00e9changes sur les combinaisons noires dentelle, rejoignez les forums de mode ou suivez des influenceurs sur les r\u00e9seaux sociaux. Voici quelques boutiques \u00e0 explorer :<\/p>\n<ul>\n<li><strong>Benoa<\/strong> : <a href=\"https:\/\/benoashop.com\/collections\/toute-la-collection\" rel=\"nofollow\">Benoa Shop<\/a> en Corse.<\/li>\n<li><strong>Stylight<\/strong> : <a href=\"https:\/\/www.stylight.fr\/Combinaisons\/Dentelle\/\" rel=\"nofollow\">Plateforme de mode<\/a> avec une large s\u00e9lection.<\/li>\n<\/ul>\n<\/div>\n<div style=\"background: #fff3cd;padding: 15px;margin: 15px 0;border: 2px solid #ffc107;border-radius: 5px\">\n<strong style=\"color: #856404\">\ud83d\udca1 R\u00e9sum\u00e9 en 2 lignes :<\/strong><br \/>\n<span>La combinaison noire dentelle est un incontournable de la mode f\u00e9minine en 2025, alliant \u00e9l\u00e9gance et polyvalence. Explorez les boutiques en ligne et physiques pour trouver le mod\u00e8le qui vous convient le mieux.<\/span>\n<\/div>\n<\/div>\n","protected":false},"excerpt":{"rendered":"","protected":false},"author":34,"featured_media":7468,"comment_status":"open","ping_status":"open","sticky":false,"template":"","format":"standard","meta":{"_acf_changed":false,"manual_indexmenow":false,"indexmenow_id_project":0,"footnotes":""},"categories":[4520],"tags":[4564,4565,4566],"class_list":["post-7429","post","type-post","status-publish","format-standard","has-post-thumbnail","hentry","category-tendances-mode","tag-combinaison-noire","tag-dentelle-noire","tag-tendance-2025","generate-columns","tablet-grid-50","mobile-grid-100","grid-parent","grid-25"],"acf":[],"yoast_head":"<!-- This site is optimized with the Yoast SEO Premium plugin v21.3 (Yoast SEO v26.5) - https:\/\/yoast.com\/wordpress\/plugins\/seo\/ -->\n<title>Combinaison noire dentelle : pourquoi l&#039;adopter<\/title>\n<meta name=\"description\" content=\"Pourquoi adopter la combinaison noire en dentelle ? \u00c9l\u00e9gance, polyvalence et jeux de transparence qui subliment la silhouette pour vos soir\u00e9es.\" \/>\n<meta name=\"robots\" content=\"index, follow, max-snippet:-1, max-image-preview:large, max-video-preview:-1\" \/>\n<link rel=\"canonical\" href=\"https:\/\/mania-wax.fr\/blog\/tendances-mode\/pourquoi-adopter-la-combinaison-noire-dentelle-en-2025-elegance-et-silhouette\/\" \/>\n<meta property=\"og:locale\" content=\"fr_FR\" \/>\n<meta property=\"og:type\" content=\"article\" \/>\n<meta property=\"og:title\" content=\"Combinaison noire dentelle : pourquoi l&#039;adopter\" \/>\n<meta property=\"og:description\" content=\"Pourquoi adopter la combinaison noire en dentelle ? \u00c9l\u00e9gance, polyvalence et jeux de transparence qui subliment la silhouette pour vos soir\u00e9es.\" \/>\n<meta property=\"og:url\" content=\"https:\/\/mania-wax.fr\/blog\/tendances-mode\/pourquoi-adopter-la-combinaison-noire-dentelle-en-2025-elegance-et-silhouette\/\" \/>\n<meta property=\"og:site_name\" content=\"mania-wax.\" \/>\n<meta property=\"og:image\" content=\"https:\/\/mania-wax.fr\/blog\/wp-content\/uploads\/2026\/02\/sdxl-77e455d3eba2ee8d5129288d8d68a54d-scaled.png\" \/>\n\t<meta property=\"og:image:width\" content=\"1200\" \/>\n\t<meta property=\"og:image:height\" content=\"500\" \/>\n\t<meta property=\"og:image:type\" content=\"image\/png\" \/>\n<meta name=\"author\" content=\"Lina Mazzoni\" \/>\n<meta name=\"twitter:card\" content=\"summary_large_image\" \/>\n<script type=\"application\/ld+json\" class=\"yoast-schema-graph\">{\"@context\":\"https:\/\/schema.org\",\"@graph\":[{\"@type\":\"NewsArticle\",\"@id\":\"https:\/\/mania-wax.fr\/blog\/tendances-mode\/pourquoi-adopter-la-combinaison-noire-dentelle-en-2025-elegance-et-silhouette\/#article\",\"isPartOf\":{\"@id\":\"https:\/\/mania-wax.fr\/blog\/tendances-mode\/pourquoi-adopter-la-combinaison-noire-dentelle-en-2025-elegance-et-silhouette\/\"},\"author\":{\"name\":\"Lina Mazzoni\",\"@id\":\"https:\/\/mania-wax.fr\/blog\/#\/schema\/person\/3c864cdc320801e3db34b663e7e3f816\"},\"headline\":\"Pourquoi adopter la combinaison noire dentelle en 2025 : \u00e9l\u00e9gance et silhouette\",\"datePublished\":\"2026-02-09T08:38:00+00:00\",\"mainEntityOfPage\":{\"@id\":\"https:\/\/mania-wax.fr\/blog\/tendances-mode\/pourquoi-adopter-la-combinaison-noire-dentelle-en-2025-elegance-et-silhouette\/\"},\"wordCount\":2305,\"commentCount\":0,\"publisher\":{\"@id\":\"https:\/\/mania-wax.fr\/blog\/#organization\"},\"image\":{\"@id\":\"https:\/\/mania-wax.fr\/blog\/tendances-mode\/pourquoi-adopter-la-combinaison-noire-dentelle-en-2025-elegance-et-silhouette\/#primaryimage\"},\"thumbnailUrl\":\"https:\/\/mania-wax.fr\/blog\/wp-content\/uploads\/2026\/02\/sdxl-77e455d3eba2ee8d5129288d8d68a54d-scaled.png\",\"keywords\":[\"combinaison noire\",\"dentelle noire\",\"tendance 2025\"],\"articleSection\":[\"Tendances Mode\"],\"inLanguage\":\"fr-FR\",\"potentialAction\":[{\"@type\":\"CommentAction\",\"name\":\"Comment\",\"target\":[\"https:\/\/mania-wax.fr\/blog\/tendances-mode\/pourquoi-adopter-la-combinaison-noire-dentelle-en-2025-elegance-et-silhouette\/#respond\"]}]},{\"@type\":\"WebPage\",\"@id\":\"https:\/\/mania-wax.fr\/blog\/tendances-mode\/pourquoi-adopter-la-combinaison-noire-dentelle-en-2025-elegance-et-silhouette\/\",\"url\":\"https:\/\/mania-wax.fr\/blog\/tendances-mode\/pourquoi-adopter-la-combinaison-noire-dentelle-en-2025-elegance-et-silhouette\/\",\"name\":\"Combinaison noire dentelle : pourquoi l'adopter\",\"isPartOf\":{\"@id\":\"https:\/\/mania-wax.fr\/blog\/#website\"},\"primaryImageOfPage\":{\"@id\":\"https:\/\/mania-wax.fr\/blog\/tendances-mode\/pourquoi-adopter-la-combinaison-noire-dentelle-en-2025-elegance-et-silhouette\/#primaryimage\"},\"image\":{\"@id\":\"https:\/\/mania-wax.fr\/blog\/tendances-mode\/pourquoi-adopter-la-combinaison-noire-dentelle-en-2025-elegance-et-silhouette\/#primaryimage\"},\"thumbnailUrl\":\"https:\/\/mania-wax.fr\/blog\/wp-content\/uploads\/2026\/02\/sdxl-77e455d3eba2ee8d5129288d8d68a54d-scaled.png\",\"datePublished\":\"2026-02-09T08:38:00+00:00\",\"description\":\"Pourquoi adopter la combinaison noire en dentelle ? \u00c9l\u00e9gance, polyvalence et jeux de transparence qui subliment la silhouette pour vos soir\u00e9es.\",\"inLanguage\":\"fr-FR\",\"potentialAction\":[{\"@type\":\"ReadAction\",\"target\":[\"https:\/\/mania-wax.fr\/blog\/tendances-mode\/pourquoi-adopter-la-combinaison-noire-dentelle-en-2025-elegance-et-silhouette\/\"]}]},{\"@type\":\"ImageObject\",\"inLanguage\":\"fr-FR\",\"@id\":\"https:\/\/mania-wax.fr\/blog\/tendances-mode\/pourquoi-adopter-la-combinaison-noire-dentelle-en-2025-elegance-et-silhouette\/#primaryimage\",\"url\":\"https:\/\/mania-wax.fr\/blog\/wp-content\/uploads\/2026\/02\/sdxl-77e455d3eba2ee8d5129288d8d68a54d-scaled.png\",\"contentUrl\":\"https:\/\/mania-wax.fr\/blog\/wp-content\/uploads\/2026\/02\/sdxl-77e455d3eba2ee8d5129288d8d68a54d-scaled.png\",\"width\":1200,\"height\":500},{\"@type\":\"WebSite\",\"@id\":\"https:\/\/mania-wax.fr\/blog\/#website\",\"url\":\"https:\/\/mania-wax.fr\/blog\/\",\"name\":\"Mania Wax\",\"description\":\"Mania Wax, la mode qui fait sensation\",\"publisher\":{\"@id\":\"https:\/\/mania-wax.fr\/blog\/#organization\"},\"alternateName\":\"Mania Wax, la mode qui fait sensation\",\"potentialAction\":[{\"@type\":\"SearchAction\",\"target\":{\"@type\":\"EntryPoint\",\"urlTemplate\":\"https:\/\/mania-wax.fr\/blog\/?s={search_term_string}\"},\"query-input\":{\"@type\":\"PropertyValueSpecification\",\"valueRequired\":true,\"valueName\":\"search_term_string\"}}],\"inLanguage\":\"fr-FR\"},{\"@type\":\"Organization\",\"@id\":\"https:\/\/mania-wax.fr\/blog\/#organization\",\"name\":\"Mania Wax\",\"alternateName\":\"Mania Wax\",\"url\":\"https:\/\/mania-wax.fr\/blog\/\",\"logo\":{\"@type\":\"ImageObject\",\"inLanguage\":\"fr-FR\",\"@id\":\"https:\/\/mania-wax.fr\/blog\/#\/schema\/logo\/image\/\",\"url\":\"https:\/\/mania-wax.fr\/blog\/wp-content\/uploads\/2026\/07\/logo-auto.png\",\"contentUrl\":\"https:\/\/mania-wax.fr\/blog\/wp-content\/uploads\/2026\/07\/logo-auto.png\",\"width\":1024,\"height\":1024,\"caption\":\"Mania Wax\"},\"image\":{\"@id\":\"https:\/\/mania-wax.fr\/blog\/#\/schema\/logo\/image\/\"}},{\"@type\":\"Person\",\"@id\":\"https:\/\/mania-wax.fr\/blog\/#\/schema\/person\/3c864cdc320801e3db34b663e7e3f816\",\"name\":\"Lina Mazzoni\",\"image\":{\"@type\":\"ImageObject\",\"inLanguage\":\"fr-FR\",\"@id\":\"https:\/\/mania-wax.fr\/blog\/#\/schema\/person\/image\/\",\"url\":\"https:\/\/mania-wax.fr\/blog\/wp-content\/uploads\/2026\/06\/persona_lina-m-96x96.jpg\",\"contentUrl\":\"https:\/\/mania-wax.fr\/blog\/wp-content\/uploads\/2026\/06\/persona_lina-m-96x96.jpg\",\"caption\":\"Lina Mazzoni\"},\"description\":\"La mode et la beaut\u00e9 m'accompagnent depuis toujours, et j'en ai fait mon m\u00e9tier d'\u00e9ditrice depuis une dizaine d'ann\u00e9es. J'\u00e9cris sur les tendances vestimentaires, la lingerie, les accessoires et les routines beaut\u00e9, avec l'envie d'aider chacune \u00e0 trouver son style plut\u00f4t qu'\u00e0 suivre aveugl\u00e9ment les diktats. J'aime d\u00e9crypter une silhouette, expliquer comment choisir une mati\u00e8re, une coupe ou un soin selon sa morphologie et sa peau, et d\u00e9m\u00ealer le vrai du marketing dans les produits beaut\u00e9. Avant de recommander une pi\u00e8ce ou un cosm\u00e9tique, je v\u00e9rifie la composition, la qualit\u00e9 et le rapport qualit\u00e9-prix, et je teste quand c'est possible. Je tiens \u00e0 un ton inclusif, loin des injonctions et des complexes. Mon angle : la mode comme plaisir et expression de soi, pas comme course \u00e9puisante aux nouveaut\u00e9s. Bien s'habiller, c'est d'abord se sentir bien.\",\"sameAs\":[\"https:\/\/linamazzoni.fr\/\"],\"url\":\"https:\/\/mania-wax.fr\/blog\/auteur\/noname\/\"}]}<\/script>\n<!-- \/ Yoast SEO Premium plugin. -->","yoast_head_json":{"title":"Combinaison noire dentelle : pourquoi l'adopter","description":"Pourquoi adopter la combinaison noire en dentelle ? \u00c9l\u00e9gance, polyvalence et jeux de transparence qui subliment la silhouette pour vos soir\u00e9es.","robots":{"index":"index","follow":"follow","max-snippet":"max-snippet:-1","max-image-preview":"max-image-preview:large","max-video-preview":"max-video-preview:-1"},"canonical":"https:\/\/mania-wax.fr\/blog\/tendances-mode\/pourquoi-adopter-la-combinaison-noire-dentelle-en-2025-elegance-et-silhouette\/","og_locale":"fr_FR","og_type":"article","og_title":"Combinaison noire dentelle : pourquoi l'adopter","og_description":"Pourquoi adopter la combinaison noire en dentelle ? \u00c9l\u00e9gance, polyvalence et jeux de transparence qui subliment la silhouette pour vos soir\u00e9es.","og_url":"https:\/\/mania-wax.fr\/blog\/tendances-mode\/pourquoi-adopter-la-combinaison-noire-dentelle-en-2025-elegance-et-silhouette\/","og_site_name":"mania-wax.","og_image":[{"width":1200,"height":500,"url":"https:\/\/mania-wax.fr\/blog\/wp-content\/uploads\/2026\/02\/sdxl-77e455d3eba2ee8d5129288d8d68a54d-scaled.png","type":"image\/png"}],"author":"Lina Mazzoni","twitter_card":"summary_large_image","schema":{"@context":"https:\/\/schema.org","@graph":[{"@type":"NewsArticle","@id":"https:\/\/mania-wax.fr\/blog\/tendances-mode\/pourquoi-adopter-la-combinaison-noire-dentelle-en-2025-elegance-et-silhouette\/#article","isPartOf":{"@id":"https:\/\/mania-wax.fr\/blog\/tendances-mode\/pourquoi-adopter-la-combinaison-noire-dentelle-en-2025-elegance-et-silhouette\/"},"author":{"name":"Lina Mazzoni","@id":"https:\/\/mania-wax.fr\/blog\/#\/schema\/person\/3c864cdc320801e3db34b663e7e3f816"},"headline":"Pourquoi adopter la combinaison noire dentelle en 2025 : \u00e9l\u00e9gance et silhouette","datePublished":"2026-02-09T08:38:00+00:00","mainEntityOfPage":{"@id":"https:\/\/mania-wax.fr\/blog\/tendances-mode\/pourquoi-adopter-la-combinaison-noire-dentelle-en-2025-elegance-et-silhouette\/"},"wordCount":2305,"commentCount":0,"publisher":{"@id":"https:\/\/mania-wax.fr\/blog\/#organization"},"image":{"@id":"https:\/\/mania-wax.fr\/blog\/tendances-mode\/pourquoi-adopter-la-combinaison-noire-dentelle-en-2025-elegance-et-silhouette\/#primaryimage"},"thumbnailUrl":"https:\/\/mania-wax.fr\/blog\/wp-content\/uploads\/2026\/02\/sdxl-77e455d3eba2ee8d5129288d8d68a54d-scaled.png","keywords":["combinaison noire","dentelle noire","tendance 2025"],"articleSection":["Tendances Mode"],"inLanguage":"fr-FR","potentialAction":[{"@type":"CommentAction","name":"Comment","target":["https:\/\/mania-wax.fr\/blog\/tendances-mode\/pourquoi-adopter-la-combinaison-noire-dentelle-en-2025-elegance-et-silhouette\/#respond"]}]},{"@type":"WebPage","@id":"https:\/\/mania-wax.fr\/blog\/tendances-mode\/pourquoi-adopter-la-combinaison-noire-dentelle-en-2025-elegance-et-silhouette\/","url":"https:\/\/mania-wax.fr\/blog\/tendances-mode\/pourquoi-adopter-la-combinaison-noire-dentelle-en-2025-elegance-et-silhouette\/","name":"Combinaison noire dentelle : pourquoi l'adopter","isPartOf":{"@id":"https:\/\/mania-wax.fr\/blog\/#website"},"primaryImageOfPage":{"@id":"https:\/\/mania-wax.fr\/blog\/tendances-mode\/pourquoi-adopter-la-combinaison-noire-dentelle-en-2025-elegance-et-silhouette\/#primaryimage"},"image":{"@id":"https:\/\/mania-wax.fr\/blog\/tendances-mode\/pourquoi-adopter-la-combinaison-noire-dentelle-en-2025-elegance-et-silhouette\/#primaryimage"},"thumbnailUrl":"https:\/\/mania-wax.fr\/blog\/wp-content\/uploads\/2026\/02\/sdxl-77e455d3eba2ee8d5129288d8d68a54d-scaled.png","datePublished":"2026-02-09T08:38:00+00:00","description":"Pourquoi adopter la combinaison noire en dentelle ? \u00c9l\u00e9gance, polyvalence et jeux de transparence qui subliment la silhouette pour vos soir\u00e9es.","inLanguage":"fr-FR","potentialAction":[{"@type":"ReadAction","target":["https:\/\/mania-wax.fr\/blog\/tendances-mode\/pourquoi-adopter-la-combinaison-noire-dentelle-en-2025-elegance-et-silhouette\/"]}]},{"@type":"ImageObject","inLanguage":"fr-FR","@id":"https:\/\/mania-wax.fr\/blog\/tendances-mode\/pourquoi-adopter-la-combinaison-noire-dentelle-en-2025-elegance-et-silhouette\/#primaryimage","url":"https:\/\/mania-wax.fr\/blog\/wp-content\/uploads\/2026\/02\/sdxl-77e455d3eba2ee8d5129288d8d68a54d-scaled.png","contentUrl":"https:\/\/mania-wax.fr\/blog\/wp-content\/uploads\/2026\/02\/sdxl-77e455d3eba2ee8d5129288d8d68a54d-scaled.png","width":1200,"height":500},{"@type":"WebSite","@id":"https:\/\/mania-wax.fr\/blog\/#website","url":"https:\/\/mania-wax.fr\/blog\/","name":"Mania Wax","description":"Mania Wax, la mode qui fait sensation","publisher":{"@id":"https:\/\/mania-wax.fr\/blog\/#organization"},"alternateName":"Mania Wax, la mode qui fait sensation","potentialAction":[{"@type":"SearchAction","target":{"@type":"EntryPoint","urlTemplate":"https:\/\/mania-wax.fr\/blog\/?s={search_term_string}"},"query-input":{"@type":"PropertyValueSpecification","valueRequired":true,"valueName":"search_term_string"}}],"inLanguage":"fr-FR"},{"@type":"Organization","@id":"https:\/\/mania-wax.fr\/blog\/#organization","name":"Mania Wax","alternateName":"Mania Wax","url":"https:\/\/mania-wax.fr\/blog\/","logo":{"@type":"ImageObject","inLanguage":"fr-FR","@id":"https:\/\/mania-wax.fr\/blog\/#\/schema\/logo\/image\/","url":"https:\/\/mania-wax.fr\/blog\/wp-content\/uploads\/2026\/07\/logo-auto.png","contentUrl":"https:\/\/mania-wax.fr\/blog\/wp-content\/uploads\/2026\/07\/logo-auto.png","width":1024,"height":1024,"caption":"Mania Wax"},"image":{"@id":"https:\/\/mania-wax.fr\/blog\/#\/schema\/logo\/image\/"}},{"@type":"Person","@id":"https:\/\/mania-wax.fr\/blog\/#\/schema\/person\/3c864cdc320801e3db34b663e7e3f816","name":"Lina Mazzoni","image":{"@type":"ImageObject","inLanguage":"fr-FR","@id":"https:\/\/mania-wax.fr\/blog\/#\/schema\/person\/image\/","url":"https:\/\/mania-wax.fr\/blog\/wp-content\/uploads\/2026\/06\/persona_lina-m-96x96.jpg","contentUrl":"https:\/\/mania-wax.fr\/blog\/wp-content\/uploads\/2026\/06\/persona_lina-m-96x96.jpg","caption":"Lina Mazzoni"},"description":"La mode et la beaut\u00e9 m'accompagnent depuis toujours, et j'en ai fait mon m\u00e9tier d'\u00e9ditrice depuis une dizaine d'ann\u00e9es. J'\u00e9cris sur les tendances vestimentaires, la lingerie, les accessoires et les routines beaut\u00e9, avec l'envie d'aider chacune \u00e0 trouver son style plut\u00f4t qu'\u00e0 suivre aveugl\u00e9ment les diktats. J'aime d\u00e9crypter une silhouette, expliquer comment choisir une mati\u00e8re, une coupe ou un soin selon sa morphologie et sa peau, et d\u00e9m\u00ealer le vrai du marketing dans les produits beaut\u00e9. Avant de recommander une pi\u00e8ce ou un cosm\u00e9tique, je v\u00e9rifie la composition, la qualit\u00e9 et le rapport qualit\u00e9-prix, et je teste quand c'est possible. Je tiens \u00e0 un ton inclusif, loin des injonctions et des complexes. Mon angle : la mode comme plaisir et expression de soi, pas comme course \u00e9puisante aux nouveaut\u00e9s. Bien s'habiller, c'est d'abord se sentir bien.","sameAs":["https:\/\/linamazzoni.fr\/"],"url":"https:\/\/mania-wax.fr\/blog\/auteur\/noname\/"}]}},"_links":{"self":[{"href":"https:\/\/mania-wax.fr\/blog\/wp-json\/wp\/v2\/posts\/7429","targetHints":{"allow":["GET"]}}],"collection":[{"href":"https:\/\/mania-wax.fr\/blog\/wp-json\/wp\/v2\/posts"}],"about":[{"href":"https:\/\/mania-wax.fr\/blog\/wp-json\/wp\/v2\/types\/post"}],"author":[{"embeddable":true,"href":"https:\/\/mania-wax.fr\/blog\/wp-json\/wp\/v2\/users\/34"}],"replies":[{"embeddable":true,"href":"https:\/\/mania-wax.fr\/blog\/wp-json\/wp\/v2\/comments?post=7429"}],"version-history":[{"count":1,"href":"https:\/\/mania-wax.fr\/blog\/wp-json\/wp\/v2\/posts\/7429\/revisions"}],"predecessor-version":[{"id":7467,"href":"https:\/\/mania-wax.fr\/blog\/wp-json\/wp\/v2\/posts\/7429\/revisions\/7467"}],"wp:featuredmedia":[{"embeddable":true,"href":"https:\/\/mania-wax.fr\/blog\/wp-json\/wp\/v2\/media\/7468"}],"wp:attachment":[{"href":"https:\/\/mania-wax.fr\/blog\/wp-json\/wp\/v2\/media?parent=7429"}],"wp:term":[{"taxonomy":"category","embeddable":true,"href":"https:\/\/mania-wax.fr\/blog\/wp-json\/wp\/v2\/categories?post=7429"},{"taxonomy":"post_tag","embeddable":true,"href":"https:\/\/mania-wax.fr\/blog\/wp-json\/wp\/v2\/tags?post=7429"}],"curies":[{"name":"wp","href":"https:\/\/api.w.org\/{rel}","templated":true}]}}