{"id":7500,"date":"2026-07-20T00:00:00","date_gmt":"2026-07-19T22:00:00","guid":{"rendered":"https:\/\/mania-wax.fr\/blog\/mode-homme\/sac-a-dos-pour-ordinateur-une-analyse-complete-pour-hommes-et-femmes\/"},"modified":"2026-07-20T00:00:00","modified_gmt":"2026-07-19T22:00:00","slug":"sac-a-dos-pour-ordinateur-une-analyse-complete-pour-hommes-et-femmes","status":"publish","type":"post","link":"https:\/\/mania-wax.fr\/blog\/mode-homme\/sac-a-dos-pour-ordinateur-une-analyse-complete-pour-hommes-et-femmes\/","title":{"rendered":"Sac \u00e0 dos pour ordinateur : une analyse compl\u00e8te pour hommes et femmes"},"content":{"rendered":"<p>Un sac \u00e0 dos qui transporte un ordinateur n&rsquo;est pas un sac \u00e0 dos ordinaire avec une poche en plus. Trois \u00e9l\u00e9ments le distinguent r\u00e9ellement : la protection du compartiment, la r\u00e9partition du poids et la r\u00e9sistance \u00e0 l&rsquo;eau. Le reste rel\u00e8ve du style et des habitudes.<\/p>\n<h2>Le compartiment ordinateur<\/h2>\n<p>C&rsquo;est le point \u00e0 examiner en premier, et celui que les fiches produit d\u00e9crivent le plus mal.<\/p>\n<p><strong>Le rembourrage<\/strong> doit \u00eatre pr\u00e9sent sur les cinq faces, pas seulement au dos. Un compartiment matelass\u00e9 d&rsquo;un seul c\u00f4t\u00e9 ne prot\u00e8ge pas d&rsquo;une chute lat\u00e9rale.<\/p>\n<p><strong>Le fond sur\u00e9lev\u00e9<\/strong> est d\u00e9terminant : si le compartiment descend jusqu&rsquo;au fond du sac, poser celui-ci brutalement transmet le choc directement \u00e0 la machine. Un d\u00e9crochage de deux \u00e0 trois centim\u00e8tres change tout.<\/p>\n<p><strong>Le maintien<\/strong> par sangle ou \u00e9lastique \u00e9vite que l&rsquo;ordinateur ne glisse pendant la marche. Sans lui, la machine se d\u00e9place et frotte.<\/p>\n<p>V\u00e9rifiez enfin la taille annonc\u00e9e : un compartiment pr\u00e9vu pour 15 pouces n&rsquo;accueille pas tous les 15 pouces, les \u00e9paisseurs variant beaucoup.<\/p>\n<h2>Le portage, souvent n\u00e9glig\u00e9<\/h2>\n<p>Un sac charg\u00e9 d&rsquo;un ordinateur, d&rsquo;un chargeur et de quelques dossiers d\u00e9passe rapidement les cinq kilos. \u00c0 ce poids, la conception du portage devient un sujet de sant\u00e9, pas de confort.<\/p>\n<p>Les bretelles doivent \u00eatre larges, rembourr\u00e9es et surtout ergonomiques \u2014 une courbure adapt\u00e9e \u00e9vite le frottement dans le cou. Un dos matelass\u00e9 avec canaux de ventilation limite la transpiration sur les trajets longs.<\/p>\n<p>La sangle de poitrine, souvent per\u00e7ue comme un d\u00e9tail sportif, r\u00e9partit la charge et \u00e9vite l&rsquo;\u00e9cartement des bretelles. Sur un usage quotidien, elle fait une diff\u00e9rence r\u00e9elle.<\/p>\n<p>Enfin, la hauteur du sac doit correspondre \u00e0 votre buste : un sac trop long descend sur les lombaires et d\u00e9s\u00e9quilibre la posture. C&rsquo;est le principal point de divergence entre morphologies, davantage qu&rsquo;une question de mod\u00e8les genr\u00e9s.<\/p>\n<h2>R\u00e9sistance \u00e0 l&rsquo;eau<\/h2>\n<p>Trois niveaux existent et ils ne se valent pas.<\/p>\n<p>Le <strong>tissu d\u00e9perlant<\/strong> repousse une averse courte, pas une pluie soutenue. C&rsquo;est le niveau le plus courant.<\/p>\n<p>Le <strong>rev\u00eatement imperm\u00e9able<\/strong> avec coutures thermosoud\u00e9es r\u00e9siste r\u00e9ellement, mais reste plus rare et plus cher.<\/p>\n<p>La <strong>housse de pluie int\u00e9gr\u00e9e<\/strong> constitue le meilleur compromis : elle se d\u00e9ploie en quelques secondes et prot\u00e8ge l&rsquo;ensemble, y compris les fermetures \u2014 point faible de la plupart des sacs.<\/p>\n<h2>L&rsquo;organisation int\u00e9rieure<\/h2>\n<p>Un compartiment principal unique oblige \u00e0 tout sortir pour atteindre un objet. Deux ou trois espaces distincts suffisent : ordinateur, affaires courantes, petits objets.<\/p>\n<p>Une poche d&rsquo;acc\u00e8s rapide en fa\u00e7ade pour le t\u00e9l\u00e9phone et les cl\u00e9s \u00e9vite d&rsquo;ouvrir le sac dans la rue. Une poche lat\u00e9rale pour une bouteille est utile \u00e0 condition qu&rsquo;elle soit extensible et non fixe.<\/p>\n<p>Attention aux mod\u00e8les surcharg\u00e9s de compartiments : au-del\u00e0 d&rsquo;un certain nombre, on ne se souvient plus o\u00f9 l&rsquo;on range quoi.<\/p>\n<h2>Mat\u00e9riaux et durabilit\u00e9<\/h2>\n<p>Le polyester haute densit\u00e9 offre le meilleur rapport r\u00e9sistance-poids-prix. Le nylon balistique r\u00e9siste davantage \u00e0 l&rsquo;abrasion, pour un budget sup\u00e9rieur. Le cuir apporte une allure formelle mais alourdit sensiblement et demande de l&rsquo;entretien.<\/p>\n<p>Les points d&rsquo;usure r\u00e9els sont les fermetures et les points d&rsquo;attache des bretelles. Des fermetures de marque reconnue et des coutures renforc\u00e9es en croix aux attaches valent bien plus qu&rsquo;un tissu haut de gamme.<\/p>\n<p>Les s\u00e9lections propos\u00e9es par les sp\u00e9cialistes du <a href=\"https:\/\/citypulsebags.com\/\">sac \u00e0 dos urbain<\/a> d\u00e9taillent g\u00e9n\u00e9ralement ces caract\u00e9ristiques techniques, rarement visibles sur les places de march\u00e9 g\u00e9n\u00e9ralistes.<\/p>\n<h2>Choisir selon l&rsquo;usage<\/h2>\n<p>Pour un trajet quotidien court, un mod\u00e8le l\u00e9ger et compact suffit. Pour des d\u00e9placements professionnels fr\u00e9quents, privil\u00e9giez l&rsquo;ouverture \u00e0 plat \u2014 elle \u00e9vite de vider le sac aux contr\u00f4les \u2014 et un passant pour valise \u00e0 roulettes. Pour un usage mixte travail et sport, v\u00e9rifiez que le compartiment ordinateur reste isol\u00e9 du reste, faute de quoi une gourde qui fuit r\u00e8gle la question.<\/p>\n","protected":false},"excerpt":{"rendered":"","protected":false},"author":0,"featured_media":999999999,"comment_status":"open","ping_status":"open","sticky":false,"template":"","format":"standard","meta":{"_acf_changed":false,"manual_indexmenow":false,"indexmenow_id_project":0,"footnotes":""},"categories":[4585],"tags":[],"class_list":["post-7500","post","type-post","status-publish","format-standard","has-post-thumbnail","hentry","category-mode-homme","generate-columns","tablet-grid-50","mobile-grid-100","grid-parent","grid-25"],"acf":[],"yoast_head":"<!-- This site is optimized with the Yoast SEO Premium plugin v21.3 (Yoast SEO v26.5) - https:\/\/yoast.com\/wordpress\/plugins\/seo\/ -->\n<title>Sac \u00e0 dos pour ordinateur : une analyse compl\u00e8te pour hommes et femmes<\/title>\n<meta name=\"description\" content=\"Un sac \u00e0 dos qui transporte un ordinateur n&#039;est pas un sac \u00e0 dos ordinaire avec une poche en plus. Trois \u00e9l\u00e9ments le distinguent r\u00e9ellement : la\" \/>\n<meta name=\"robots\" content=\"index, follow, max-snippet:-1, max-image-preview:large, max-video-preview:-1\" \/>\n<link rel=\"canonical\" href=\"https:\/\/mania-wax.fr\/blog\/mode-homme\/sac-a-dos-pour-ordinateur-une-analyse-complete-pour-hommes-et-femmes\/\" \/>\n<meta property=\"og:locale\" content=\"fr_FR\" \/>\n<meta property=\"og:type\" content=\"article\" \/>\n<meta property=\"og:title\" content=\"Sac \u00e0 dos pour ordinateur : une analyse compl\u00e8te pour hommes et femmes\" \/>\n<meta property=\"og:description\" content=\"Un sac \u00e0 dos qui transporte un ordinateur n&#039;est pas un sac \u00e0 dos ordinaire avec une poche en plus. Trois \u00e9l\u00e9ments le distinguent r\u00e9ellement : la\" \/>\n<meta property=\"og:url\" content=\"https:\/\/mania-wax.fr\/blog\/mode-homme\/sac-a-dos-pour-ordinateur-une-analyse-complete-pour-hommes-et-femmes\/\" \/>\n<meta property=\"og:site_name\" content=\"mania-wax.\" \/>\n<meta name=\"twitter:card\" content=\"summary_large_image\" \/>\n<script type=\"application\/ld+json\" class=\"yoast-schema-graph\">{\"@context\":\"https:\/\/schema.org\",\"@graph\":[{\"@type\":\"NewsArticle\",\"@id\":\"https:\/\/mania-wax.fr\/blog\/mode-homme\/sac-a-dos-pour-ordinateur-une-analyse-complete-pour-hommes-et-femmes\/#article\",\"isPartOf\":{\"@id\":\"https:\/\/mania-wax.fr\/blog\/mode-homme\/sac-a-dos-pour-ordinateur-une-analyse-complete-pour-hommes-et-femmes\/\"},\"author\":{\"name\":\"\",\"@id\":\"\"},\"headline\":\"Sac \u00e0 dos pour ordinateur : une analyse compl\u00e8te pour hommes et femmes\",\"datePublished\":\"2026-07-19T22:00:00+00:00\",\"mainEntityOfPage\":{\"@id\":\"https:\/\/mania-wax.fr\/blog\/mode-homme\/sac-a-dos-pour-ordinateur-une-analyse-complete-pour-hommes-et-femmes\/\"},\"wordCount\":704,\"commentCount\":0,\"publisher\":{\"@id\":\"https:\/\/mania-wax.fr\/blog\/#organization\"},\"image\":{\"@id\":\"https:\/\/mania-wax.fr\/blog\/mode-homme\/sac-a-dos-pour-ordinateur-une-analyse-complete-pour-hommes-et-femmes\/#primaryimage\"},\"thumbnailUrl\":\"https:\/\/images.pexels.com\/photos\/16359259\/pexels-photo-16359259.jpeg?auto=compress&cs=tinysrgb&fit=crop&h=627&w=1200\",\"articleSection\":[\"Mode homme\"],\"inLanguage\":\"fr-FR\",\"potentialAction\":[{\"@type\":\"CommentAction\",\"name\":\"Comment\",\"target\":[\"https:\/\/mania-wax.fr\/blog\/mode-homme\/sac-a-dos-pour-ordinateur-une-analyse-complete-pour-hommes-et-femmes\/#respond\"]}]},{\"@type\":\"WebPage\",\"@id\":\"https:\/\/mania-wax.fr\/blog\/mode-homme\/sac-a-dos-pour-ordinateur-une-analyse-complete-pour-hommes-et-femmes\/\",\"url\":\"https:\/\/mania-wax.fr\/blog\/mode-homme\/sac-a-dos-pour-ordinateur-une-analyse-complete-pour-hommes-et-femmes\/\",\"name\":\"Sac \u00e0 dos pour ordinateur : une analyse compl\u00e8te pour hommes et femmes\",\"isPartOf\":{\"@id\":\"https:\/\/mania-wax.fr\/blog\/#website\"},\"primaryImageOfPage\":{\"@id\":\"https:\/\/mania-wax.fr\/blog\/mode-homme\/sac-a-dos-pour-ordinateur-une-analyse-complete-pour-hommes-et-femmes\/#primaryimage\"},\"image\":{\"@id\":\"https:\/\/mania-wax.fr\/blog\/mode-homme\/sac-a-dos-pour-ordinateur-une-analyse-complete-pour-hommes-et-femmes\/#primaryimage\"},\"thumbnailUrl\":\"https:\/\/images.pexels.com\/photos\/16359259\/pexels-photo-16359259.jpeg?auto=compress&cs=tinysrgb&fit=crop&h=627&w=1200\",\"datePublished\":\"2026-07-19T22:00:00+00:00\",\"description\":\"Un sac \u00e0 dos qui transporte un ordinateur n'est pas un sac \u00e0 dos ordinaire avec une poche en plus. Trois \u00e9l\u00e9ments le distinguent r\u00e9ellement : la\",\"inLanguage\":\"fr-FR\",\"potentialAction\":[{\"@type\":\"ReadAction\",\"target\":[\"https:\/\/mania-wax.fr\/blog\/mode-homme\/sac-a-dos-pour-ordinateur-une-analyse-complete-pour-hommes-et-femmes\/\"]}]},{\"@type\":\"ImageObject\",\"inLanguage\":\"fr-FR\",\"@id\":\"https:\/\/mania-wax.fr\/blog\/mode-homme\/sac-a-dos-pour-ordinateur-une-analyse-complete-pour-hommes-et-femmes\/#primaryimage\",\"url\":\"https:\/\/images.pexels.com\/photos\/16359259\/pexels-photo-16359259.jpeg?auto=compress&cs=tinysrgb&fit=crop&h=627&w=1200\",\"contentUrl\":\"https:\/\/images.pexels.com\/photos\/16359259\/pexels-photo-16359259.jpeg?auto=compress&cs=tinysrgb&fit=crop&h=627&w=1200\"},{\"@type\":\"WebSite\",\"@id\":\"https:\/\/mania-wax.fr\/blog\/#website\",\"url\":\"https:\/\/mania-wax.fr\/blog\/\",\"name\":\"Mania Wax\",\"description\":\"Mania Wax, la mode qui fait sensation\",\"publisher\":{\"@id\":\"https:\/\/mania-wax.fr\/blog\/#organization\"},\"alternateName\":\"Mania Wax, la mode qui fait sensation\",\"potentialAction\":[{\"@type\":\"SearchAction\",\"target\":{\"@type\":\"EntryPoint\",\"urlTemplate\":\"https:\/\/mania-wax.fr\/blog\/?s={search_term_string}\"},\"query-input\":{\"@type\":\"PropertyValueSpecification\",\"valueRequired\":true,\"valueName\":\"search_term_string\"}}],\"inLanguage\":\"fr-FR\"},{\"@type\":\"Organization\",\"@id\":\"https:\/\/mania-wax.fr\/blog\/#organization\",\"name\":\"Mania Wax\",\"alternateName\":\"Mania Wax\",\"url\":\"https:\/\/mania-wax.fr\/blog\/\",\"logo\":{\"@type\":\"ImageObject\",\"inLanguage\":\"fr-FR\",\"@id\":\"https:\/\/mania-wax.fr\/blog\/#\/schema\/logo\/image\/\",\"url\":\"https:\/\/mania-wax.fr\/blog\/wp-content\/uploads\/2026\/07\/logo-auto.png\",\"contentUrl\":\"https:\/\/mania-wax.fr\/blog\/wp-content\/uploads\/2026\/07\/logo-auto.png\",\"width\":1024,\"height\":1024,\"caption\":\"Mania Wax\"},\"image\":{\"@id\":\"https:\/\/mania-wax.fr\/blog\/#\/schema\/logo\/image\/\"}}]}<\/script>\n<!-- \/ Yoast SEO Premium plugin. -->","yoast_head_json":{"title":"Sac \u00e0 dos pour ordinateur : une analyse compl\u00e8te pour hommes et femmes","description":"Un sac \u00e0 dos qui transporte un ordinateur n'est pas un sac \u00e0 dos ordinaire avec une poche en plus. Trois \u00e9l\u00e9ments le distinguent r\u00e9ellement : la","robots":{"index":"index","follow":"follow","max-snippet":"max-snippet:-1","max-image-preview":"max-image-preview:large","max-video-preview":"max-video-preview:-1"},"canonical":"https:\/\/mania-wax.fr\/blog\/mode-homme\/sac-a-dos-pour-ordinateur-une-analyse-complete-pour-hommes-et-femmes\/","og_locale":"fr_FR","og_type":"article","og_title":"Sac \u00e0 dos pour ordinateur : une analyse compl\u00e8te pour hommes et femmes","og_description":"Un sac \u00e0 dos qui transporte un ordinateur n'est pas un sac \u00e0 dos ordinaire avec une poche en plus. Trois \u00e9l\u00e9ments le distinguent r\u00e9ellement : la","og_url":"https:\/\/mania-wax.fr\/blog\/mode-homme\/sac-a-dos-pour-ordinateur-une-analyse-complete-pour-hommes-et-femmes\/","og_site_name":"mania-wax.","twitter_card":"summary_large_image","schema":{"@context":"https:\/\/schema.org","@graph":[{"@type":"NewsArticle","@id":"https:\/\/mania-wax.fr\/blog\/mode-homme\/sac-a-dos-pour-ordinateur-une-analyse-complete-pour-hommes-et-femmes\/#article","isPartOf":{"@id":"https:\/\/mania-wax.fr\/blog\/mode-homme\/sac-a-dos-pour-ordinateur-une-analyse-complete-pour-hommes-et-femmes\/"},"author":{"name":"","@id":""},"headline":"Sac \u00e0 dos pour ordinateur : une analyse compl\u00e8te pour hommes et femmes","datePublished":"2026-07-19T22:00:00+00:00","mainEntityOfPage":{"@id":"https:\/\/mania-wax.fr\/blog\/mode-homme\/sac-a-dos-pour-ordinateur-une-analyse-complete-pour-hommes-et-femmes\/"},"wordCount":704,"commentCount":0,"publisher":{"@id":"https:\/\/mania-wax.fr\/blog\/#organization"},"image":{"@id":"https:\/\/mania-wax.fr\/blog\/mode-homme\/sac-a-dos-pour-ordinateur-une-analyse-complete-pour-hommes-et-femmes\/#primaryimage"},"thumbnailUrl":"https:\/\/images.pexels.com\/photos\/16359259\/pexels-photo-16359259.jpeg?auto=compress&cs=tinysrgb&fit=crop&h=627&w=1200","articleSection":["Mode homme"],"inLanguage":"fr-FR","potentialAction":[{"@type":"CommentAction","name":"Comment","target":["https:\/\/mania-wax.fr\/blog\/mode-homme\/sac-a-dos-pour-ordinateur-une-analyse-complete-pour-hommes-et-femmes\/#respond"]}]},{"@type":"WebPage","@id":"https:\/\/mania-wax.fr\/blog\/mode-homme\/sac-a-dos-pour-ordinateur-une-analyse-complete-pour-hommes-et-femmes\/","url":"https:\/\/mania-wax.fr\/blog\/mode-homme\/sac-a-dos-pour-ordinateur-une-analyse-complete-pour-hommes-et-femmes\/","name":"Sac \u00e0 dos pour ordinateur : une analyse compl\u00e8te pour hommes et femmes","isPartOf":{"@id":"https:\/\/mania-wax.fr\/blog\/#website"},"primaryImageOfPage":{"@id":"https:\/\/mania-wax.fr\/blog\/mode-homme\/sac-a-dos-pour-ordinateur-une-analyse-complete-pour-hommes-et-femmes\/#primaryimage"},"image":{"@id":"https:\/\/mania-wax.fr\/blog\/mode-homme\/sac-a-dos-pour-ordinateur-une-analyse-complete-pour-hommes-et-femmes\/#primaryimage"},"thumbnailUrl":"https:\/\/images.pexels.com\/photos\/16359259\/pexels-photo-16359259.jpeg?auto=compress&cs=tinysrgb&fit=crop&h=627&w=1200","datePublished":"2026-07-19T22:00:00+00:00","description":"Un sac \u00e0 dos qui transporte un ordinateur n'est pas un sac \u00e0 dos ordinaire avec une poche en plus. Trois \u00e9l\u00e9ments le distinguent r\u00e9ellement : la","inLanguage":"fr-FR","potentialAction":[{"@type":"ReadAction","target":["https:\/\/mania-wax.fr\/blog\/mode-homme\/sac-a-dos-pour-ordinateur-une-analyse-complete-pour-hommes-et-femmes\/"]}]},{"@type":"ImageObject","inLanguage":"fr-FR","@id":"https:\/\/mania-wax.fr\/blog\/mode-homme\/sac-a-dos-pour-ordinateur-une-analyse-complete-pour-hommes-et-femmes\/#primaryimage","url":"https:\/\/images.pexels.com\/photos\/16359259\/pexels-photo-16359259.jpeg?auto=compress&cs=tinysrgb&fit=crop&h=627&w=1200","contentUrl":"https:\/\/images.pexels.com\/photos\/16359259\/pexels-photo-16359259.jpeg?auto=compress&cs=tinysrgb&fit=crop&h=627&w=1200"},{"@type":"WebSite","@id":"https:\/\/mania-wax.fr\/blog\/#website","url":"https:\/\/mania-wax.fr\/blog\/","name":"Mania Wax","description":"Mania Wax, la mode qui fait sensation","publisher":{"@id":"https:\/\/mania-wax.fr\/blog\/#organization"},"alternateName":"Mania Wax, la mode qui fait sensation","potentialAction":[{"@type":"SearchAction","target":{"@type":"EntryPoint","urlTemplate":"https:\/\/mania-wax.fr\/blog\/?s={search_term_string}"},"query-input":{"@type":"PropertyValueSpecification","valueRequired":true,"valueName":"search_term_string"}}],"inLanguage":"fr-FR"},{"@type":"Organization","@id":"https:\/\/mania-wax.fr\/blog\/#organization","name":"Mania Wax","alternateName":"Mania Wax","url":"https:\/\/mania-wax.fr\/blog\/","logo":{"@type":"ImageObject","inLanguage":"fr-FR","@id":"https:\/\/mania-wax.fr\/blog\/#\/schema\/logo\/image\/","url":"https:\/\/mania-wax.fr\/blog\/wp-content\/uploads\/2026\/07\/logo-auto.png","contentUrl":"https:\/\/mania-wax.fr\/blog\/wp-content\/uploads\/2026\/07\/logo-auto.png","width":1024,"height":1024,"caption":"Mania Wax"},"image":{"@id":"https:\/\/mania-wax.fr\/blog\/#\/schema\/logo\/image\/"}}]}},"_links":{"self":[{"href":"https:\/\/mania-wax.fr\/blog\/wp-json\/wp\/v2\/posts\/7500","targetHints":{"allow":["GET"]}}],"collection":[{"href":"https:\/\/mania-wax.fr\/blog\/wp-json\/wp\/v2\/posts"}],"about":[{"href":"https:\/\/mania-wax.fr\/blog\/wp-json\/wp\/v2\/types\/post"}],"replies":[{"embeddable":true,"href":"https:\/\/mania-wax.fr\/blog\/wp-json\/wp\/v2\/comments?post=7500"}],"version-history":[{"count":0,"href":"https:\/\/mania-wax.fr\/blog\/wp-json\/wp\/v2\/posts\/7500\/revisions"}],"wp:attachment":[{"href":"https:\/\/mania-wax.fr\/blog\/wp-json\/wp\/v2\/media?parent=7500"}],"wp:term":[{"taxonomy":"category","embeddable":true,"href":"https:\/\/mania-wax.fr\/blog\/wp-json\/wp\/v2\/categories?post=7500"},{"taxonomy":"post_tag","embeddable":true,"href":"https:\/\/mania-wax.fr\/blog\/wp-json\/wp\/v2\/tags?post=7500"}],"curies":[{"name":"wp","href":"https:\/\/api.w.org\/{rel}","templated":true}]}}